{"id":868,"date":"2022-10-04T15:54:09","date_gmt":"2022-10-04T13:54:09","guid":{"rendered":"https:\/\/www.apadahcas.org\/?p=868"},"modified":"2022-10-29T22:30:52","modified_gmt":"2022-10-29T20:30:52","slug":"27-de-octubre-2022-dia-nacional-del-tdah-en-espana","status":"publish","type":"post","link":"https:\/\/www.apadahcas.org\/index.php\/2022\/10\/04\/27-de-octubre-2022-dia-nacional-del-tdah-en-espana\/","title":{"rendered":"27 de Octubre 2022: D\u00eda nacional del TDAH en Espa\u00f1a"},"content":{"rendered":"\n<p>El d\u00eda 27 de Octubre, celebramos el d\u00eda del TDAH en Espa\u00f1a. Este a\u00f1o, tenemos el objetivo com\u00fan de visibilizar, sensibilizar y normalizar el TDAH. \u00a1Estamos orgullosos un a\u00f1o m\u00e1s de poder celebrarlo con vosotr@s!<\/p>\n\n\n\n<figure class=\"wp-block-image size-large\"><img loading=\"lazy\" decoding=\"async\" width=\"724\" height=\"1024\" src=\"https:\/\/www.apadahcas.org\/wp-content\/uploads\/2022\/10\/39770ce3-6b36-476b-9b3c-c48088acdd8a-724x1024.png\" alt=\"\" class=\"wp-image-870\" srcset=\"https:\/\/www.apadahcas.org\/wp-content\/uploads\/2022\/10\/39770ce3-6b36-476b-9b3c-c48088acdd8a-724x1024.png 724w, https:\/\/www.apadahcas.org\/wp-content\/uploads\/2022\/10\/39770ce3-6b36-476b-9b3c-c48088acdd8a-212x300.png 212w, https:\/\/www.apadahcas.org\/wp-content\/uploads\/2022\/10\/39770ce3-6b36-476b-9b3c-c48088acdd8a-768x1086.png 768w, https:\/\/www.apadahcas.org\/wp-content\/uploads\/2022\/10\/39770ce3-6b36-476b-9b3c-c48088acdd8a-1086x1536.png 1086w, https:\/\/www.apadahcas.org\/wp-content\/uploads\/2022\/10\/39770ce3-6b36-476b-9b3c-c48088acdd8a.png 1448w\" sizes=\"auto, (max-width: 724px) 100vw, 724px\" \/><\/figure>\n\n\n\n<p>Debemos sentirnos orgullosos de lo que somos y, aprovechamos para agradecer a todas las familias que componen nuestra Asociaci\u00f3n por confiarnos la lucha de sus derechos, por ayudarnos a crecer junto a ellos.<\/p>\n\n\n\n<p>Desde la Asociaci\u00f3n esperamos que est\u00e9is contentos y satisfechos con nuestro granito de arena. Ya que siempre intentaremos luchar por vuestros derechos.<\/p>\n\n\n\n<p>Este a\u00f1o debido a las restricciones que hay por el consumo de luz, lamentablemente no podremos iluminar las fachadas con el color naranja que representa este gran d\u00eda. Pero no por ello dejar\u00e1 de ser un d\u00eda especial para tod@s nosotr@s.<\/p>\n\n\n\n<p>\u00a1Gracias por todo vuestro apoyo y solidaridad!<\/p>\n\n\n\n<p>Desde el canal \u27a1\ufe0f de la @generalitat nos hacen llegar estos dos videos.<br \/>Pod\u00e9is visualizarlos a trav\u00e9s del enlace\ud83d\udd17<\/p>\n\n\n\n<p>\u2022 27 d\u2019Octubre. D\u00eda nacional del TDAH \u201cL\u2019escola en moviment\u201d: <a href=\"https:\/\/videos.gva.es\/p\/118\/sp\/11800\/embedIframeJs\/uiconf_id\/23448187\/partner_id\/118?iframeembed=true&amp;entry_id=0_kib2wzsa\">https:\/\/videos.gva.es\/p\/118\/sp\/11800\/embedIframeJs\/uiconf_id\/23448187\/partner_id\/118?iframeembed=true&amp;entry_id=0_kib2wzsa<\/a><\/p>\n\n\n\n<p>\u2022 27 d\u2019Octubre. D\u00eda nacional del TDAH: <a href=\"https:\/\/videos.gva.es\/p\/118\/sp\/11800\/embedIframeJs\/uiconf_id\/23448187\/partner_id\/118?iframeembed=true&amp;entry_id=0_llxpvfgv\">https:\/\/videos.gva.es\/p\/118\/sp\/11800\/embedIframeJs\/uiconf_id\/23448187\/partner_id\/118?iframeembed=true&amp;entry_id=0_llxpvfgv<\/a><\/p>\n\n\n\n<p><br \/>La letra de esta canci\u00f3n est\u00e1 dedicada a las madres, padres y familias TDAH que siempre estamos ah\u00ed acompa\u00f1ando a nuestros hijos\/as, tras sus pasos\u2026<\/p>\n\n\n\n<p><a href=\"https:\/\/fb.watch\/gpeLXecZQj\/\">https:\/\/fb.watch\/gpeLXecZQj\/<\/a><\/p>\n\n\n\n<p>#TDAHparatodalavida #tdah #27otdah<\/p>\n","protected":false},"excerpt":{"rendered":"<p>El d\u00eda 27 de Octubre, celebramos el d\u00eda del TDAH en Espa\u00f1a. Este a\u00f1o, tenemos el objetivo com\u00fan de visibilizar, sensibilizar y normalizar el TDAH. \u00a1Estamos orgullosos un a\u00f1o m\u00e1s de poder celebrarlo con vosotr@s! Debemos sentirnos orgullosos de lo &hellip; <a href=\"https:\/\/www.apadahcas.org\/index.php\/2022\/10\/04\/27-de-octubre-2022-dia-nacional-del-tdah-en-espana\/\">Sigue leyendo <span class=\"meta-nav\">&rarr;<\/span><\/a><\/p>\n","protected":false},"author":4,"featured_media":891,"comment_status":"closed","ping_status":"open","sticky":false,"template":"","format":"standard","meta":{"_jetpack_memberships_contains_paid_content":false,"footnotes":""},"categories":[12],"tags":[],"class_list":["post-868","post","type-post","status-publish","format-standard","has-post-thumbnail","hentry","category-noticias"],"jetpack_featured_media_url":"https:\/\/www.apadahcas.org\/wp-content\/uploads\/2022\/10\/999ea547-8702-42c8-a175-e77cd05dfa0e.png","jetpack_sharing_enabled":true,"_links":{"self":[{"href":"https:\/\/www.apadahcas.org\/index.php\/wp-json\/wp\/v2\/posts\/868","targetHints":{"allow":["GET"]}}],"collection":[{"href":"https:\/\/www.apadahcas.org\/index.php\/wp-json\/wp\/v2\/posts"}],"about":[{"href":"https:\/\/www.apadahcas.org\/index.php\/wp-json\/wp\/v2\/types\/post"}],"author":[{"embeddable":true,"href":"https:\/\/www.apadahcas.org\/index.php\/wp-json\/wp\/v2\/users\/4"}],"replies":[{"embeddable":true,"href":"https:\/\/www.apadahcas.org\/index.php\/wp-json\/wp\/v2\/comments?post=868"}],"version-history":[{"count":10,"href":"https:\/\/www.apadahcas.org\/index.php\/wp-json\/wp\/v2\/posts\/868\/revisions"}],"predecessor-version":[{"id":912,"href":"https:\/\/www.apadahcas.org\/index.php\/wp-json\/wp\/v2\/posts\/868\/revisions\/912"}],"wp:featuredmedia":[{"embeddable":true,"href":"https:\/\/www.apadahcas.org\/index.php\/wp-json\/wp\/v2\/media\/891"}],"wp:attachment":[{"href":"https:\/\/www.apadahcas.org\/index.php\/wp-json\/wp\/v2\/media?parent=868"}],"wp:term":[{"taxonomy":"category","embeddable":true,"href":"https:\/\/www.apadahcas.org\/index.php\/wp-json\/wp\/v2\/categories?post=868"},{"taxonomy":"post_tag","embeddable":true,"href":"https:\/\/www.apadahcas.org\/index.php\/wp-json\/wp\/v2\/tags?post=868"}],"curies":[{"name":"wp","href":"https:\/\/api.w.org\/{rel}","templated":true}]}}