{"id":849,"date":"2022-09-20T23:59:16","date_gmt":"2022-09-20T21:59:16","guid":{"rendered":"https:\/\/www.apadahcas.org\/?p=849"},"modified":"2023-08-22T01:11:31","modified_gmt":"2023-08-21T23:11:31","slug":"nueva-programacion","status":"publish","type":"post","link":"https:\/\/www.apadahcas.org\/index.php\/2022\/09\/20\/nueva-programacion\/","title":{"rendered":"\u00a1NUEVA PROGRAMACI\u00d3N!"},"content":{"rendered":"<p>Bienvenid@s a tod@s,<\/p>\n<p>APADAHCAS lanza su <strong>NUEVA PROGRAMACI\u00d3N<\/strong> de:<\/p>\n<ul>\n<li>Escuelas de Familias 2022\/2023<\/li>\n<li>Jornadas TDAH 2022<\/li>\n<\/ul>\n<p><em><strong>ESCUELAS DE FAMILIAS 2022\/2023:<\/strong><\/em><\/p>\n<ul>\n<li>Se celebrar\u00e1n en el Sal\u00f3n de Actos de la Facultad de Ciencias Humanas de la UJI, de 10-12 horas.<\/li>\n<li>Se trata de una actividad gratuita y de acceso libre, subvencionada por APADAHCAS, el Excmo. Ayuntamiento de Castell\u00f3n y Excma. Diputaci\u00f3n de Castell\u00f3n.<\/li>\n<\/ul>\n<p><em><strong>JORNADAS TDAH 2022:<\/strong><\/em><\/p>\n<ul>\n<li>D\u00cdAS: Viernes 21 y s\u00e1bado 22 de octubre 2022 LUGAR: Aula Alfons El Magn\u00e0nim, de la Facultad de CIencias Jur\u00eddicas (JAAS04CC)<\/li>\n<li>Las Jornadas TDAH 2022 ser\u00e1n de forma presencial y en streaming (Webex, Zoom o similar)<\/li>\n<li>La asociaci\u00f3n se reserva el derecho a realizar cambios en el programa en caso necesario.<\/li>\n<li>Las ponencias ser\u00e1n grabadas y su inscripci\u00f3n comporta su consentimiento.<\/li>\n<li>Solo se realizar\u00e1n certificaciones de asistencia para la modalidad presencial.<\/li>\n<li>El coste de inscripci\u00f3n es en el caso de socios: 7 \u20ac individual y 10 \u20ac por pareja.<\/li>\n<li>En el caso de no socios: 10 \u20ac\/ persona.<\/li>\n<\/ul>\n","protected":false},"excerpt":{"rendered":"<p>Bienvenid@s a tod@s, APADAHCAS lanza su NUEVA PROGRAMACI\u00d3N de: Escuelas de Familias 2022\/2023 Jornadas TDAH 2022 ESCUELAS DE FAMILIAS 2022\/2023: Se celebrar\u00e1n en el Sal\u00f3n de Actos de la Facultad de Ciencias Humanas de la UJI, de 10-12 horas. Se &hellip; <a href=\"https:\/\/www.apadahcas.org\/index.php\/2022\/09\/20\/nueva-programacion\/\">Sigue leyendo <span class=\"meta-nav\">&rarr;<\/span><\/a><\/p>\n","protected":false},"author":4,"featured_media":0,"comment_status":"closed","ping_status":"open","sticky":false,"template":"","format":"standard","meta":{"_jetpack_memberships_contains_paid_content":false,"footnotes":""},"categories":[5],"tags":[],"class_list":["post-849","post","type-post","status-publish","format-standard","hentry","category-eventos"],"jetpack_featured_media_url":"","jetpack_sharing_enabled":true,"_links":{"self":[{"href":"https:\/\/www.apadahcas.org\/index.php\/wp-json\/wp\/v2\/posts\/849","targetHints":{"allow":["GET"]}}],"collection":[{"href":"https:\/\/www.apadahcas.org\/index.php\/wp-json\/wp\/v2\/posts"}],"about":[{"href":"https:\/\/www.apadahcas.org\/index.php\/wp-json\/wp\/v2\/types\/post"}],"author":[{"embeddable":true,"href":"https:\/\/www.apadahcas.org\/index.php\/wp-json\/wp\/v2\/users\/4"}],"replies":[{"embeddable":true,"href":"https:\/\/www.apadahcas.org\/index.php\/wp-json\/wp\/v2\/comments?post=849"}],"version-history":[{"count":2,"href":"https:\/\/www.apadahcas.org\/index.php\/wp-json\/wp\/v2\/posts\/849\/revisions"}],"predecessor-version":[{"id":1172,"href":"https:\/\/www.apadahcas.org\/index.php\/wp-json\/wp\/v2\/posts\/849\/revisions\/1172"}],"wp:attachment":[{"href":"https:\/\/www.apadahcas.org\/index.php\/wp-json\/wp\/v2\/media?parent=849"}],"wp:term":[{"taxonomy":"category","embeddable":true,"href":"https:\/\/www.apadahcas.org\/index.php\/wp-json\/wp\/v2\/categories?post=849"},{"taxonomy":"post_tag","embeddable":true,"href":"https:\/\/www.apadahcas.org\/index.php\/wp-json\/wp\/v2\/tags?post=849"}],"curies":[{"name":"wp","href":"https:\/\/api.w.org\/{rel}","templated":true}]}}