{"id":78,"date":"2020-10-17T10:16:55","date_gmt":"2020-10-17T10:16:55","guid":{"rendered":"https:\/\/new.apadahcas.org\/?p=78"},"modified":"2022-02-22T10:21:33","modified_gmt":"2022-02-22T10:21:33","slug":"videos-de-la-jornada-tdah-2020-conocer-aun-mas-el-tdah","status":"publish","type":"post","link":"https:\/\/www.apadahcas.org\/index.php\/2020\/10\/17\/videos-de-la-jornada-tdah-2020-conocer-aun-mas-el-tdah\/","title":{"rendered":"V\u00eddeos de la Jornada TDAH 2020: Conocer a\u00fan m\u00e1s el TDAH"},"content":{"rendered":"<p>Como cada a\u00f1o,<strong>\u00a0APADAHCAS<\/strong>\u00a0organiza, dentro de la semana Europea del TDAH,\u00a0<strong>LA\u00a0JORNADA TDAH Y FAMILIA<\/strong>. Este a\u00f1o, debido a las circunstancias de la COVID-19, decidimos unir fuerzas con la\u00a0<strong>Asociaci\u00f3n APNADAH de Valencia<\/strong>\u00a0y con la colaboraci\u00f3n de la\u00a0<strong>Universitat Jaume I<\/strong>, \u00a0se realizaron en dos sesiones de ma\u00f1ana los s\u00e1bados 17 y 24 de octubre.<\/p>\n<p>Ponemos al alcance de toda la comunidad interesada en el trastorno los v\u00eddeos de dicha jornada, que puedes visualiza aqu\u00ed:<\/p>\n<h2>JORNADAS TDAH &#8211; S\u00e1bado 17 de octubre de 2020<\/h2>\n<p><iframe loading=\"lazy\" src=\"https:\/\/www.youtube.com\/embed\/v8i0klSowWw\" width=\"560\" height=\"315\" frameborder=\"0\" allowfullscreen=\"allowfullscreen\" data-mce-fragment=\"1\"><\/iframe><\/p>\n<h2>JORNADAS TDAH &#8211; S\u00e1bado 24 de octubre de 2020<\/h2>\n<p><iframe loading=\"lazy\" src=\"https:\/\/www.youtube.com\/embed\/5Tfzl_eftCA\" width=\"560\" height=\"315\" frameborder=\"0\" allowfullscreen=\"allowfullscreen\" data-mce-fragment=\"1\"><\/iframe><\/p>\n","protected":false},"excerpt":{"rendered":"<p>Como cada a\u00f1o,\u00a0APADAHCAS\u00a0organiza, dentro de la semana Europea del TDAH,\u00a0LA\u00a0JORNADA TDAH Y FAMILIA. Este a\u00f1o, debido a las circunstancias de la COVID-19, decidimos unir fuerzas con la\u00a0Asociaci\u00f3n APNADAH de Valencia\u00a0y con la colaboraci\u00f3n de la\u00a0Universitat Jaume I, \u00a0se realizaron en &hellip; <a href=\"https:\/\/www.apadahcas.org\/index.php\/2020\/10\/17\/videos-de-la-jornada-tdah-2020-conocer-aun-mas-el-tdah\/\">Sigue leyendo <span class=\"meta-nav\">&rarr;<\/span><\/a><\/p>\n","protected":false},"author":2,"featured_media":0,"comment_status":"closed","ping_status":"open","sticky":false,"template":"","format":"standard","meta":{"_jetpack_memberships_contains_paid_content":false,"footnotes":""},"categories":[8],"tags":[],"class_list":["post-78","post","type-post","status-publish","format-standard","hentry","category-jornadas"],"jetpack_featured_media_url":"","jetpack_sharing_enabled":true,"_links":{"self":[{"href":"https:\/\/www.apadahcas.org\/index.php\/wp-json\/wp\/v2\/posts\/78","targetHints":{"allow":["GET"]}}],"collection":[{"href":"https:\/\/www.apadahcas.org\/index.php\/wp-json\/wp\/v2\/posts"}],"about":[{"href":"https:\/\/www.apadahcas.org\/index.php\/wp-json\/wp\/v2\/types\/post"}],"author":[{"embeddable":true,"href":"https:\/\/www.apadahcas.org\/index.php\/wp-json\/wp\/v2\/users\/2"}],"replies":[{"embeddable":true,"href":"https:\/\/www.apadahcas.org\/index.php\/wp-json\/wp\/v2\/comments?post=78"}],"version-history":[{"count":1,"href":"https:\/\/www.apadahcas.org\/index.php\/wp-json\/wp\/v2\/posts\/78\/revisions"}],"predecessor-version":[{"id":79,"href":"https:\/\/www.apadahcas.org\/index.php\/wp-json\/wp\/v2\/posts\/78\/revisions\/79"}],"wp:attachment":[{"href":"https:\/\/www.apadahcas.org\/index.php\/wp-json\/wp\/v2\/media?parent=78"}],"wp:term":[{"taxonomy":"category","embeddable":true,"href":"https:\/\/www.apadahcas.org\/index.php\/wp-json\/wp\/v2\/categories?post=78"},{"taxonomy":"post_tag","embeddable":true,"href":"https:\/\/www.apadahcas.org\/index.php\/wp-json\/wp\/v2\/tags?post=78"}],"curies":[{"name":"wp","href":"https:\/\/api.w.org\/{rel}","templated":true}]}}