{"id":1735,"date":"2025-11-24T14:10:30","date_gmt":"2025-11-24T13:10:30","guid":{"rendered":"https:\/\/www.apadahcas.org\/?p=1735"},"modified":"2025-11-24T14:10:30","modified_gmt":"2025-11-24T13:10:30","slug":"asi-vivimos-la-jornada-de-los-derechos-de-la-infancia-y-adolescencia-2025","status":"publish","type":"post","link":"https:\/\/www.apadahcas.org\/index.php\/2025\/11\/24\/asi-vivimos-la-jornada-de-los-derechos-de-la-infancia-y-adolescencia-2025\/","title":{"rendered":"As\u00ed vivimos la Jornada de los Derechos de la Infancia y Adolescencia 2025"},"content":{"rendered":"<p data-start=\"1144\" data-end=\"1417\">El pasado s\u00e1bado participamos en la <strong data-start=\"1180\" data-end=\"1237\">Jornada de los Derechos de la Infancia y Adolescencia<\/strong>, celebrada en el Parque Ribalta (Castell\u00f3). Fue una ma\u00f1ana repleta de actividades, actuaciones y espacios de encuentro donde las familias pudieron disfrutar, aprender y compartir.<\/p>\n<p data-start=\"1419\" data-end=\"1641\">Desde <strong data-start=\"1425\" data-end=\"1438\">APADAHCAS<\/strong>, acudimos con el objetivo de acercar nuestra labor a la ciudadan\u00eda, sensibilizar sobre el TDAH y generar un entorno abierto en el que los ni\u00f1os y ni\u00f1as pudieran jugar, expresarse y sentirse acompa\u00f1ados.<\/p>\n<p data-start=\"1643\" data-end=\"1702\">Durante la jornada, los asistentes pudieron disfrutar de:<\/p>\n<ul data-start=\"1703\" data-end=\"1900\">\n<li data-start=\"1703\" data-end=\"1745\">\n<p data-start=\"1705\" data-end=\"1745\">\ud83c\udfb6 El concierto en\u00e9rgico de <em data-start=\"1733\" data-end=\"1743\">Grupekes<\/em><\/p>\n<\/li>\n<li data-start=\"1746\" data-end=\"1779\">\n<p data-start=\"1748\" data-end=\"1779\">\ud83c\udfa9 La magia de <em data-start=\"1763\" data-end=\"1777\">Club Obi Wan<\/em><\/p>\n<\/li>\n<li data-start=\"1780\" data-end=\"1819\">\n<p data-start=\"1782\" data-end=\"1819\">\ud83c\udfb2 Juegos XXL para todas las edades<\/p>\n<\/li>\n<li data-start=\"1820\" data-end=\"1845\">\n<p data-start=\"1822\" data-end=\"1845\">\ud83d\udcf8 Photocall familiar<\/p>\n<\/li>\n<li data-start=\"1846\" data-end=\"1900\">\n<p data-start=\"1848\" data-end=\"1900\">\ud83c\udf7d\ufe0f Almuerzo gratuito y actividades participativas<\/p>\n<\/li>\n<\/ul>\n<p data-start=\"1902\" data-end=\"2322\">La respuesta del p\u00fablico fue maravillosa. Muchas familias se acercaron para conocer mejor nuestra asociaci\u00f3n, resolver dudas, compartir experiencias y descubrir nuevos recursos para acompa\u00f1ar a sus hijos e hijas.<br data-start=\"2114\" data-end=\"2117\" \/>Para nosotros fue una oportunidad muy enriquecedora para <strong data-start=\"2174\" data-end=\"2193\">hacer comunidad<\/strong> y recordar la importancia de proteger y promover los derechos de la infancia y adolescencia en todos los \u00e1mbitos de la sociedad.<\/p>\n<p data-start=\"2324\" data-end=\"2527\">Queremos agradecer al Ayuntamiento de Castell\u00f3 y a todas las entidades organizadoras por contar con APADAHCAS un a\u00f1o m\u00e1s, as\u00ed como a todas las personas que se acercaron a saludar, preguntar o participar.<\/p>\n<p data-start=\"2529\" data-end=\"2644\">\ud83d\udc9a <strong data-start=\"2532\" data-end=\"2644\">Seguimos trabajando con ilusi\u00f3n, compromiso y esperanza por una infancia m\u00e1s visible, escuchada y respetada.<\/strong><\/p>\n<p data-start=\"2646\" data-end=\"2730\">A continuaci\u00f3n, compartimos algunas im\u00e1genes de nuestra participaci\u00f3n en la jornada:<\/p>\n<p data-start=\"2646\" data-end=\"2730\"><img loading=\"lazy\" decoding=\"async\" class=\"alignnone size-medium wp-image-1736\" src=\"https:\/\/www.apadahcas.org\/wp-content\/uploads\/2025\/11\/12-240x300.png\" alt=\"\" width=\"240\" height=\"300\" srcset=\"https:\/\/www.apadahcas.org\/wp-content\/uploads\/2025\/11\/12-240x300.png 240w, https:\/\/www.apadahcas.org\/wp-content\/uploads\/2025\/11\/12-819x1024.png 819w, https:\/\/www.apadahcas.org\/wp-content\/uploads\/2025\/11\/12-768x960.png 768w, https:\/\/www.apadahcas.org\/wp-content\/uploads\/2025\/11\/12.png 1080w\" sizes=\"auto, (max-width: 240px) 100vw, 240px\" \/> <img loading=\"lazy\" decoding=\"async\" class=\"alignnone size-medium wp-image-1737\" src=\"https:\/\/www.apadahcas.org\/wp-content\/uploads\/2025\/11\/13-240x300.png\" alt=\"\" width=\"240\" height=\"300\" srcset=\"https:\/\/www.apadahcas.org\/wp-content\/uploads\/2025\/11\/13-240x300.png 240w, https:\/\/www.apadahcas.org\/wp-content\/uploads\/2025\/11\/13-819x1024.png 819w, https:\/\/www.apadahcas.org\/wp-content\/uploads\/2025\/11\/13-768x960.png 768w, https:\/\/www.apadahcas.org\/wp-content\/uploads\/2025\/11\/13.png 1080w\" sizes=\"auto, (max-width: 240px) 100vw, 240px\" \/><\/p>\n","protected":false},"excerpt":{"rendered":"<p>El pasado s\u00e1bado participamos en la Jornada de los Derechos de la Infancia y Adolescencia, celebrada en el Parque Ribalta (Castell\u00f3). Fue una ma\u00f1ana repleta de actividades, actuaciones y espacios de encuentro donde las familias pudieron disfrutar, aprender y compartir. &hellip; <a href=\"https:\/\/www.apadahcas.org\/index.php\/2025\/11\/24\/asi-vivimos-la-jornada-de-los-derechos-de-la-infancia-y-adolescencia-2025\/\">Sigue leyendo <span class=\"meta-nav\">&rarr;<\/span><\/a><\/p>\n","protected":false},"author":4,"featured_media":1736,"comment_status":"closed","ping_status":"open","sticky":false,"template":"","format":"standard","meta":{"_jetpack_memberships_contains_paid_content":false,"footnotes":""},"categories":[4,65,5,12,10,14],"tags":[],"class_list":["post-1735","post","type-post","status-publish","format-standard","has-post-thumbnail","hentry","category-actividades","category-apadahcas","category-eventos","category-noticias","category-otras-actividades","category-sanidad"],"jetpack_featured_media_url":"https:\/\/www.apadahcas.org\/wp-content\/uploads\/2025\/11\/12.png","jetpack_sharing_enabled":true,"_links":{"self":[{"href":"https:\/\/www.apadahcas.org\/index.php\/wp-json\/wp\/v2\/posts\/1735","targetHints":{"allow":["GET"]}}],"collection":[{"href":"https:\/\/www.apadahcas.org\/index.php\/wp-json\/wp\/v2\/posts"}],"about":[{"href":"https:\/\/www.apadahcas.org\/index.php\/wp-json\/wp\/v2\/types\/post"}],"author":[{"embeddable":true,"href":"https:\/\/www.apadahcas.org\/index.php\/wp-json\/wp\/v2\/users\/4"}],"replies":[{"embeddable":true,"href":"https:\/\/www.apadahcas.org\/index.php\/wp-json\/wp\/v2\/comments?post=1735"}],"version-history":[{"count":1,"href":"https:\/\/www.apadahcas.org\/index.php\/wp-json\/wp\/v2\/posts\/1735\/revisions"}],"predecessor-version":[{"id":1738,"href":"https:\/\/www.apadahcas.org\/index.php\/wp-json\/wp\/v2\/posts\/1735\/revisions\/1738"}],"wp:featuredmedia":[{"embeddable":true,"href":"https:\/\/www.apadahcas.org\/index.php\/wp-json\/wp\/v2\/media\/1736"}],"wp:attachment":[{"href":"https:\/\/www.apadahcas.org\/index.php\/wp-json\/wp\/v2\/media?parent=1735"}],"wp:term":[{"taxonomy":"category","embeddable":true,"href":"https:\/\/www.apadahcas.org\/index.php\/wp-json\/wp\/v2\/categories?post=1735"},{"taxonomy":"post_tag","embeddable":true,"href":"https:\/\/www.apadahcas.org\/index.php\/wp-json\/wp\/v2\/tags?post=1735"}],"curies":[{"name":"wp","href":"https:\/\/api.w.org\/{rel}","templated":true}]}}