{"id":1706,"date":"2025-10-29T12:38:33","date_gmt":"2025-10-29T11:38:33","guid":{"rendered":"https:\/\/www.apadahcas.org\/?p=1706"},"modified":"2025-10-29T12:38:33","modified_gmt":"2025-10-29T11:38:33","slug":"apadahcas-participa-en-el-programa-sense-barreres-de-la-universitat-jaume-i","status":"publish","type":"post","link":"https:\/\/www.apadahcas.org\/index.php\/2025\/10\/29\/apadahcas-participa-en-el-programa-sense-barreres-de-la-universitat-jaume-i\/","title":{"rendered":"Apadahcas participa en el programa \u201cSense Barreres\u201d de la Universitat Jaume I"},"content":{"rendered":"<p data-start=\"518\" data-end=\"703\"><em>La presidenta de la asociaci\u00f3n, M\u00f3nica Mingarro, visibiliza el TDAH y la labor de Apadahcas en el espacio radiof\u00f3nico de la UJI dedicado a la diversidad y la inclusi\u00f3n.<\/em><\/p>\n<p data-start=\"518\" data-end=\"703\">La presidenta de <strong data-start=\"749\" data-end=\"762\">Apadahcas<\/strong>, <strong data-start=\"764\" data-end=\"783\">M\u00f3nica Mingarro<\/strong>, fue entrevistada en el programa de radio <strong data-start=\"826\" data-end=\"846\">\u201cSense Barreres\u201d<\/strong> de la <strong data-start=\"853\" data-end=\"876\">Universitat Jaume I<\/strong>, un espacio que promueve la visibilizaci\u00f3n de la diversidad y la discapacidad desde la perspectiva universitaria.<\/p>\n<p data-start=\"992\" data-end=\"1380\">Durante la entrevista, M\u00f3nica explic\u00f3 la labor que realiza la asociaci\u00f3n desde su fundaci\u00f3n en <strong data-start=\"1087\" data-end=\"1095\">2001<\/strong>, acompa\u00f1ando a <strong data-start=\"1111\" data-end=\"1149\">personas con TDAH y a sus familias<\/strong> en el \u00e1mbito educativo, sanitario y social. Subray\u00f3 la importancia de una <strong data-start=\"1224\" data-end=\"1246\">detecci\u00f3n temprana<\/strong>, la <strong data-start=\"1251\" data-end=\"1280\">formaci\u00f3n del profesorado<\/strong> y la <strong data-start=\"1286\" data-end=\"1338\">colaboraci\u00f3n entre familias y centros educativos<\/strong> para mejorar la atenci\u00f3n a este alumnado.<\/p>\n<p data-start=\"1382\" data-end=\"1780\">M\u00f3nica destac\u00f3 que el <strong data-start=\"1404\" data-end=\"1427\">TDAH no es una moda<\/strong>, sino un trastorno con base cient\u00edfica reconocido desde hace siglos, y que <strong data-start=\"1503\" data-end=\"1537\">no todos los casos son iguales<\/strong>: \u201cA veces, los ni\u00f1os m\u00e1s tranquilos o las ni\u00f1as pasan desapercibidos, y eso retrasa mucho el diagn\u00f3stico\u201d.<br data-start=\"1644\" data-end=\"1647\" \/>Tambi\u00e9n insisti\u00f3 en la necesidad de <strong data-start=\"1683\" data-end=\"1699\">romper mitos<\/strong> y entender que, en realidad, existe <strong data-start=\"1736\" data-end=\"1756\">infradiagn\u00f3stico<\/strong>, no sobrediagn\u00f3stico.<\/p>\n<p data-start=\"1782\" data-end=\"2024\">En la entrevista, habl\u00f3 adem\u00e1s sobre la importancia de la <strong data-start=\"1840\" data-end=\"1866\">medicaci\u00f3n supervisada<\/strong>, cuando est\u00e1 indicada, y sobre el papel fundamental de las <strong data-start=\"1926\" data-end=\"1938\">familias<\/strong>, que \u201cmuchas veces llegan desbordadas y descubren en Apadahcas que no est\u00e1n solas\u201d.<\/p>\n<p data-start=\"2026\" data-end=\"2226\">Por \u00faltimo, se refiri\u00f3 a las <strong data-start=\"2055\" data-end=\"2078\">jornadas sobre TDAH<\/strong> organizadas junto a la Universitat Jaume I, destacando su valor para <strong data-start=\"2148\" data-end=\"2184\">sensibilizar al \u00e1mbito acad\u00e9mico<\/strong> y promover una educaci\u00f3n m\u00e1s inclusiva.<\/p>\n<p data-start=\"2228\" data-end=\"2373\">\ud83d\udc49 Puedes escuchar la entrevista completa aqu\u00ed:<br data-start=\"2275\" data-end=\"2278\" \/>\ud83c\udfa7 <a class=\"decorated-link\" href=\"https:\/\/www.radio.uji.es\/play.php?tipo=P&amp;id=27524\" target=\"_new\" rel=\"noopener\" data-start=\"2281\" data-end=\"2371\">Programa \u201cSense Barreres\u201d \u2013 UJI Radio<\/a><\/p>\n<p data-start=\"2375\" data-end=\"2505\">Y ver la publicaci\u00f3n en Facebook \ud83d\udc49 <a class=\"decorated-link\" href=\"https:\/\/www.facebook.com\/photo\/?fbid=1343819350866229&amp;set=a.211070807474428\" target=\"_new\" rel=\"noopener\" data-start=\"2411\" data-end=\"2505\">Ver publicaci\u00f3n<\/a><\/p>\n<p data-start=\"2375\" data-end=\"2505\"><img loading=\"lazy\" decoding=\"async\" class=\"alignnone size-medium wp-image-1707\" src=\"https:\/\/www.apadahcas.org\/wp-content\/uploads\/2025\/10\/12-1-240x300.png\" alt=\"\" width=\"240\" height=\"300\" srcset=\"https:\/\/www.apadahcas.org\/wp-content\/uploads\/2025\/10\/12-1-240x300.png 240w, https:\/\/www.apadahcas.org\/wp-content\/uploads\/2025\/10\/12-1-819x1024.png 819w, https:\/\/www.apadahcas.org\/wp-content\/uploads\/2025\/10\/12-1-768x960.png 768w, https:\/\/www.apadahcas.org\/wp-content\/uploads\/2025\/10\/12-1.png 1080w\" sizes=\"auto, (max-width: 240px) 100vw, 240px\" \/> <img loading=\"lazy\" decoding=\"async\" class=\"alignnone size-medium wp-image-1708\" src=\"https:\/\/www.apadahcas.org\/wp-content\/uploads\/2025\/10\/13-1-240x300.png\" alt=\"\" width=\"240\" height=\"300\" srcset=\"https:\/\/www.apadahcas.org\/wp-content\/uploads\/2025\/10\/13-1-240x300.png 240w, https:\/\/www.apadahcas.org\/wp-content\/uploads\/2025\/10\/13-1-819x1024.png 819w, https:\/\/www.apadahcas.org\/wp-content\/uploads\/2025\/10\/13-1-768x960.png 768w, https:\/\/www.apadahcas.org\/wp-content\/uploads\/2025\/10\/13-1.png 1080w\" sizes=\"auto, (max-width: 240px) 100vw, 240px\" \/> <img loading=\"lazy\" decoding=\"async\" class=\"alignnone size-medium wp-image-1709\" src=\"https:\/\/www.apadahcas.org\/wp-content\/uploads\/2025\/10\/14-1-240x300.png\" alt=\"\" width=\"240\" height=\"300\" srcset=\"https:\/\/www.apadahcas.org\/wp-content\/uploads\/2025\/10\/14-1-240x300.png 240w, https:\/\/www.apadahcas.org\/wp-content\/uploads\/2025\/10\/14-1-819x1024.png 819w, https:\/\/www.apadahcas.org\/wp-content\/uploads\/2025\/10\/14-1-768x960.png 768w, https:\/\/www.apadahcas.org\/wp-content\/uploads\/2025\/10\/14-1.png 1080w\" sizes=\"auto, (max-width: 240px) 100vw, 240px\" \/> <img loading=\"lazy\" decoding=\"async\" class=\"alignnone size-medium wp-image-1710\" src=\"https:\/\/www.apadahcas.org\/wp-content\/uploads\/2025\/10\/15-240x300.png\" alt=\"\" width=\"240\" height=\"300\" srcset=\"https:\/\/www.apadahcas.org\/wp-content\/uploads\/2025\/10\/15-240x300.png 240w, https:\/\/www.apadahcas.org\/wp-content\/uploads\/2025\/10\/15-819x1024.png 819w, https:\/\/www.apadahcas.org\/wp-content\/uploads\/2025\/10\/15-768x960.png 768w, https:\/\/www.apadahcas.org\/wp-content\/uploads\/2025\/10\/15.png 1080w\" sizes=\"auto, (max-width: 240px) 100vw, 240px\" \/><\/p>\n","protected":false},"excerpt":{"rendered":"<p>La presidenta de la asociaci\u00f3n, M\u00f3nica Mingarro, visibiliza el TDAH y la labor de Apadahcas en el espacio radiof\u00f3nico de la UJI dedicado a la diversidad y la inclusi\u00f3n. La presidenta de Apadahcas, M\u00f3nica Mingarro, fue entrevistada en el programa &hellip; <a href=\"https:\/\/www.apadahcas.org\/index.php\/2025\/10\/29\/apadahcas-participa-en-el-programa-sense-barreres-de-la-universitat-jaume-i\/\">Sigue leyendo <span class=\"meta-nav\">&rarr;<\/span><\/a><\/p>\n","protected":false},"author":4,"featured_media":0,"comment_status":"closed","ping_status":"open","sticky":false,"template":"","format":"standard","meta":{"_jetpack_memberships_contains_paid_content":false,"footnotes":""},"categories":[65,16,5,11,8,12],"tags":[],"class_list":["post-1706","post","type-post","status-publish","format-standard","hentry","category-apadahcas","category-asociacion","category-eventos","category-formacion","category-jornadas","category-noticias"],"jetpack_featured_media_url":"","jetpack_sharing_enabled":true,"_links":{"self":[{"href":"https:\/\/www.apadahcas.org\/index.php\/wp-json\/wp\/v2\/posts\/1706","targetHints":{"allow":["GET"]}}],"collection":[{"href":"https:\/\/www.apadahcas.org\/index.php\/wp-json\/wp\/v2\/posts"}],"about":[{"href":"https:\/\/www.apadahcas.org\/index.php\/wp-json\/wp\/v2\/types\/post"}],"author":[{"embeddable":true,"href":"https:\/\/www.apadahcas.org\/index.php\/wp-json\/wp\/v2\/users\/4"}],"replies":[{"embeddable":true,"href":"https:\/\/www.apadahcas.org\/index.php\/wp-json\/wp\/v2\/comments?post=1706"}],"version-history":[{"count":1,"href":"https:\/\/www.apadahcas.org\/index.php\/wp-json\/wp\/v2\/posts\/1706\/revisions"}],"predecessor-version":[{"id":1711,"href":"https:\/\/www.apadahcas.org\/index.php\/wp-json\/wp\/v2\/posts\/1706\/revisions\/1711"}],"wp:attachment":[{"href":"https:\/\/www.apadahcas.org\/index.php\/wp-json\/wp\/v2\/media?parent=1706"}],"wp:term":[{"taxonomy":"category","embeddable":true,"href":"https:\/\/www.apadahcas.org\/index.php\/wp-json\/wp\/v2\/categories?post=1706"},{"taxonomy":"post_tag","embeddable":true,"href":"https:\/\/www.apadahcas.org\/index.php\/wp-json\/wp\/v2\/tags?post=1706"}],"curies":[{"name":"wp","href":"https:\/\/api.w.org\/{rel}","templated":true}]}}