{"id":1699,"date":"2025-10-28T13:25:00","date_gmt":"2025-10-28T12:25:00","guid":{"rendered":"https:\/\/www.apadahcas.org\/?p=1699"},"modified":"2025-10-28T13:25:00","modified_gmt":"2025-10-28T12:25:00","slug":"exito-de-las-jornadas-organizadas-por-apadahcas-sobre-tdah-en-la-universitat-jaume-i","status":"publish","type":"post","link":"https:\/\/www.apadahcas.org\/index.php\/2025\/10\/28\/exito-de-las-jornadas-organizadas-por-apadahcas-sobre-tdah-en-la-universitat-jaume-i\/","title":{"rendered":"\u00c9xito de las Jornadas organizadas por APADAHCAS sobre TDAH en la Universitat Jaume I"},"content":{"rendered":"<p data-start=\"376\" data-end=\"680\">Las <strong data-start=\"380\" data-end=\"477\">Jornadas organizadas por APADAHCAS sobre el Trastorno por D\u00e9ficit de Atenci\u00f3n con o sin Hiperactividad (TDAH)<\/strong>, celebradas los d\u00edas <strong data-start=\"499\" data-end=\"529\">18 y 25 de octubre de 2025<\/strong> en la <strong data-start=\"536\" data-end=\"572\">Universitat Jaume I de Castell\u00f3n<\/strong>, concluyeron con una excelente acogida y una alta participaci\u00f3n de familias, profesionales y estudiantes.<\/p>\n<p data-start=\"682\" data-end=\"1114\">El evento, organizado por <strong data-start=\"708\" data-end=\"822\">APADAHCAS (Asociaci\u00f3n de Padres de Ni\u00f1os y Adolescentes con D\u00e9ficit de Atenci\u00f3n e Hiperactividad de Castell\u00f3n)<\/strong> con la colaboraci\u00f3n de la <strong data-start=\"849\" data-end=\"872\">Universitat Jaume I<\/strong>, la <strong data-start=\"877\" data-end=\"904\">Diputaci\u00f3n de Castell\u00f3n<\/strong>, el <strong data-start=\"909\" data-end=\"938\">Ayuntamiento de Castell\u00f3n<\/strong> y <strong data-start=\"941\" data-end=\"952\">FEAADAH<\/strong>, reuni\u00f3 a expertos y expertas del \u00e1mbito sanitario, educativo y psicol\u00f3gico para abordar los principales retos del TDAH desde una perspectiva multidisciplinar.<\/p>\n<p data-start=\"1116\" data-end=\"1179\">Durante las jornadas, se abordaron temas tan relevantes como:<\/p>\n<ul data-start=\"1180\" data-end=\"1809\">\n<li data-start=\"1180\" data-end=\"1272\">\n<p data-start=\"1182\" data-end=\"1272\">El <strong data-start=\"1185\" data-end=\"1223\">diagn\u00f3stico y tratamiento del TDAH<\/strong>, a cargo del <strong data-start=\"1237\" data-end=\"1256\">Dr. Tom\u00e1s Cant\u00f3<\/strong> (psiquiatra).<\/p>\n<\/li>\n<li data-start=\"1273\" data-end=\"1356\">\n<p data-start=\"1275\" data-end=\"1356\">El <strong data-start=\"1278\" data-end=\"1316\">nuevo protocolo sanitario del TDAH<\/strong>, presentado tambi\u00e9n por el Dr. Cant\u00f3.<\/p>\n<\/li>\n<li data-start=\"1357\" data-end=\"1531\">\n<p data-start=\"1359\" data-end=\"1531\">La <strong data-start=\"1362\" data-end=\"1413\">aplicaci\u00f3n de videojuegos educativos inclusivos<\/strong> en el tratamiento de s\u00edntomas en menores, a cargo del <strong data-start=\"1468\" data-end=\"1495\">Dr. Christopher Morales<\/strong> (psic\u00f3logo, Universitat Jaume I).<\/p>\n<\/li>\n<li data-start=\"1532\" data-end=\"1691\">\n<p data-start=\"1534\" data-end=\"1691\">Las <strong data-start=\"1538\" data-end=\"1580\">pautas en el \u00e1mbito escolar y familiar<\/strong>, expuestas por la <strong data-start=\"1599\" data-end=\"1628\">Dra. Amanda Meli\u00e1 de Alba<\/strong> (psic\u00f3loga, especialista en trastornos del neurodesarrollo).<\/p>\n<\/li>\n<li data-start=\"1692\" data-end=\"1809\">\n<p data-start=\"1694\" data-end=\"1809\">Y el importante papel de <strong data-start=\"1719\" data-end=\"1754\">\u201cEl cuidado de la familia TDAH\u201d<\/strong>, de la mano de la <strong data-start=\"1773\" data-end=\"1794\">Dra. Alba Magall\u00f3n<\/strong>\u00a0(psic\u00f3loga).<\/p>\n<\/li>\n<\/ul>\n<p data-start=\"1811\" data-end=\"2021\">Las jornadas contaron con la inauguraci\u00f3n de <strong data-start=\"1856\" data-end=\"1881\">Jos\u00e9 Ram\u00f3n Negre Pe\u00f1a<\/strong>, Director Territorial de Sanidad de Castell\u00f3n, y <strong data-start=\"1931\" data-end=\"1960\">M\u00aa Carmen Pastor Verchili<\/strong>, Vicerrectora del Estudiantado y Vida Saludable de la UJI.<\/p>\n<p data-start=\"2023\" data-end=\"2293\">\ud83d\udcac Los testimonios de Ross Prades y Marta Gonz\u00e1lez (mujeres adultas diagnosticadas con TDAH)\u00a0 aportaron una mirada humana y cercana sobre el d\u00eda a d\u00eda del TDAH, reforzando el mensaje de que <strong data-start=\"2166\" data-end=\"2244\">la atenci\u00f3n, la comprensi\u00f3n y la coordinaci\u00f3n entre \u00e1mbitos son esenciales<\/strong> para mejorar la calidad de vida del colectivo.<\/p>\n<p data-start=\"2295\" data-end=\"2644\">Desde APADAHCAS queremos expresar nuestro <strong data-start=\"2337\" data-end=\"2430\">m\u00e1s sincero agradecimiento a todos los ponentes, instituciones colaboradoras y asistentes<\/strong> por su implicaci\u00f3n y entusiasmo.<br data-start=\"2463\" data-end=\"2466\" \/>Estas jornadas han sido un espacio de aprendizaje, reflexi\u00f3n y compromiso compartido que nos impulsa a seguir trabajando por una sociedad m\u00e1s informada y sensible ante el TDAH.<\/p>\n<p data-start=\"2646\" data-end=\"2696\">\ud83e\udde1 \u00a1Gracias a todos y todas por hacerlo posible!<\/p>\n<p data-start=\"2698\" data-end=\"2875\">\ud83d\udccd <em data-start=\"2701\" data-end=\"2733\">Universitat Jaume I, Castell\u00f3n<\/em><br data-start=\"2733\" data-end=\"2736\" \/>\ud83d\uddd3\ufe0f <em data-start=\"2740\" data-end=\"2768\">18 y 25 de octubre de 2025<\/em><br data-start=\"2768\" data-end=\"2771\" \/>\ud83d\udc65 <em data-start=\"2774\" data-end=\"2873\">Organiza: APADAHCAS \u2013 Colaboran: UJI, Diputaci\u00f3n de Castell\u00f3n, Ayuntamiento de Castell\u00f3n, FEAADAH<\/em><\/p>\n<p data-start=\"2698\" data-end=\"2875\"><img loading=\"lazy\" decoding=\"async\" class=\"alignnone size-medium wp-image-1700\" src=\"https:\/\/www.apadahcas.org\/wp-content\/uploads\/2025\/10\/APADAHCAS-FORMATO-POST-SUBIR-300x300.png\" alt=\"\" width=\"300\" height=\"300\" srcset=\"https:\/\/www.apadahcas.org\/wp-content\/uploads\/2025\/10\/APADAHCAS-FORMATO-POST-SUBIR-300x300.png 300w, https:\/\/www.apadahcas.org\/wp-content\/uploads\/2025\/10\/APADAHCAS-FORMATO-POST-SUBIR-1024x1024.png 1024w, https:\/\/www.apadahcas.org\/wp-content\/uploads\/2025\/10\/APADAHCAS-FORMATO-POST-SUBIR-150x150.png 150w, https:\/\/www.apadahcas.org\/wp-content\/uploads\/2025\/10\/APADAHCAS-FORMATO-POST-SUBIR-768x768.png 768w, https:\/\/www.apadahcas.org\/wp-content\/uploads\/2025\/10\/APADAHCAS-FORMATO-POST-SUBIR.png 1080w\" sizes=\"auto, (max-width: 300px) 100vw, 300px\" \/> <img loading=\"lazy\" decoding=\"async\" class=\"alignnone size-medium wp-image-1701\" src=\"https:\/\/www.apadahcas.org\/wp-content\/uploads\/2025\/10\/APADAHCAS-FORMATO-POST-SUBIR-1-300x300.png\" alt=\"\" width=\"300\" height=\"300\" srcset=\"https:\/\/www.apadahcas.org\/wp-content\/uploads\/2025\/10\/APADAHCAS-FORMATO-POST-SUBIR-1-300x300.png 300w, https:\/\/www.apadahcas.org\/wp-content\/uploads\/2025\/10\/APADAHCAS-FORMATO-POST-SUBIR-1-1024x1024.png 1024w, https:\/\/www.apadahcas.org\/wp-content\/uploads\/2025\/10\/APADAHCAS-FORMATO-POST-SUBIR-1-150x150.png 150w, https:\/\/www.apadahcas.org\/wp-content\/uploads\/2025\/10\/APADAHCAS-FORMATO-POST-SUBIR-1-768x768.png 768w, https:\/\/www.apadahcas.org\/wp-content\/uploads\/2025\/10\/APADAHCAS-FORMATO-POST-SUBIR-1.png 1080w\" sizes=\"auto, (max-width: 300px) 100vw, 300px\" \/> <img loading=\"lazy\" decoding=\"async\" class=\"alignnone size-medium wp-image-1702\" src=\"https:\/\/www.apadahcas.org\/wp-content\/uploads\/2025\/10\/APADAHCAS-FORMATO-POST-SUBIR-2-300x300.png\" alt=\"\" width=\"300\" height=\"300\" srcset=\"https:\/\/www.apadahcas.org\/wp-content\/uploads\/2025\/10\/APADAHCAS-FORMATO-POST-SUBIR-2-300x300.png 300w, https:\/\/www.apadahcas.org\/wp-content\/uploads\/2025\/10\/APADAHCAS-FORMATO-POST-SUBIR-2-1024x1024.png 1024w, https:\/\/www.apadahcas.org\/wp-content\/uploads\/2025\/10\/APADAHCAS-FORMATO-POST-SUBIR-2-150x150.png 150w, https:\/\/www.apadahcas.org\/wp-content\/uploads\/2025\/10\/APADAHCAS-FORMATO-POST-SUBIR-2-768x768.png 768w, https:\/\/www.apadahcas.org\/wp-content\/uploads\/2025\/10\/APADAHCAS-FORMATO-POST-SUBIR-2.png 1080w\" sizes=\"auto, (max-width: 300px) 100vw, 300px\" \/><\/p>\n","protected":false},"excerpt":{"rendered":"<p>Las Jornadas organizadas por APADAHCAS sobre el Trastorno por D\u00e9ficit de Atenci\u00f3n con o sin Hiperactividad (TDAH), celebradas los d\u00edas 18 y 25 de octubre de 2025 en la Universitat Jaume I de Castell\u00f3n, concluyeron con una excelente acogida y &hellip; <a href=\"https:\/\/www.apadahcas.org\/index.php\/2025\/10\/28\/exito-de-las-jornadas-organizadas-por-apadahcas-sobre-tdah-en-la-universitat-jaume-i\/\">Sigue leyendo <span class=\"meta-nav\">&rarr;<\/span><\/a><\/p>\n","protected":false},"author":4,"featured_media":0,"comment_status":"closed","ping_status":"open","sticky":false,"template":"","format":"standard","meta":{"_jetpack_memberships_contains_paid_content":false,"footnotes":""},"categories":[65,16,5,8,12],"tags":[],"class_list":["post-1699","post","type-post","status-publish","format-standard","hentry","category-apadahcas","category-asociacion","category-eventos","category-jornadas","category-noticias"],"jetpack_featured_media_url":"","jetpack_sharing_enabled":true,"_links":{"self":[{"href":"https:\/\/www.apadahcas.org\/index.php\/wp-json\/wp\/v2\/posts\/1699","targetHints":{"allow":["GET"]}}],"collection":[{"href":"https:\/\/www.apadahcas.org\/index.php\/wp-json\/wp\/v2\/posts"}],"about":[{"href":"https:\/\/www.apadahcas.org\/index.php\/wp-json\/wp\/v2\/types\/post"}],"author":[{"embeddable":true,"href":"https:\/\/www.apadahcas.org\/index.php\/wp-json\/wp\/v2\/users\/4"}],"replies":[{"embeddable":true,"href":"https:\/\/www.apadahcas.org\/index.php\/wp-json\/wp\/v2\/comments?post=1699"}],"version-history":[{"count":1,"href":"https:\/\/www.apadahcas.org\/index.php\/wp-json\/wp\/v2\/posts\/1699\/revisions"}],"predecessor-version":[{"id":1703,"href":"https:\/\/www.apadahcas.org\/index.php\/wp-json\/wp\/v2\/posts\/1699\/revisions\/1703"}],"wp:attachment":[{"href":"https:\/\/www.apadahcas.org\/index.php\/wp-json\/wp\/v2\/media?parent=1699"}],"wp:term":[{"taxonomy":"category","embeddable":true,"href":"https:\/\/www.apadahcas.org\/index.php\/wp-json\/wp\/v2\/categories?post=1699"},{"taxonomy":"post_tag","embeddable":true,"href":"https:\/\/www.apadahcas.org\/index.php\/wp-json\/wp\/v2\/tags?post=1699"}],"curies":[{"name":"wp","href":"https:\/\/api.w.org\/{rel}","templated":true}]}}