{"id":1696,"date":"2025-10-27T12:58:52","date_gmt":"2025-10-27T11:58:52","guid":{"rendered":"https:\/\/www.apadahcas.org\/?p=1696"},"modified":"2025-10-27T12:58:52","modified_gmt":"2025-10-27T11:58:52","slug":"27-de-octubre-dia-nacional-del-tdah","status":"publish","type":"post","link":"https:\/\/www.apadahcas.org\/index.php\/2025\/10\/27\/27-de-octubre-dia-nacional-del-tdah\/","title":{"rendered":"27 de Octubre &#8211; D\u00eda Nacional del TDAH"},"content":{"rendered":"<p>27 de Octubre &#8211; D\u00eda Nacional del TDAH<\/p>\n<p>Este a\u00f1o volvemos a unirnos bajo un mismo grito:<br \/>\n#TDAHsinatencionsanitaria<\/p>\n<p>Porque despu\u00e9s de un a\u00f1o seguimos IGUAL: sin respuestas, sin atenci\u00f3n, sin compromiso real. Las familias y personas con TDAH seguimos sintiendo el silencio de la administraci\u00f3n. Y ese silencio tambi\u00e9n duele.<\/p>\n<p>\ud83d\udce2 Queremos una sanidad p\u00fablica que atienda a TODAS las personas, sin exclusiones.<br \/>\nEl TDAH no es una cuesti\u00f3n de l\u00edmites o car\u00e1cter, es un trastorno del neurodesarrollo que necesita diagn\u00f3stico, apoyo y seguimiento a lo largo de toda la vida.<\/p>\n<p>\ud83d\udfe7 \u00bfC\u00f3mo puedes sumarte?<br \/>\n\u2728 Ilumina de naranja tu casa, balc\u00f3n o edificio.<br \/>\n\ud83d\udcf8 Participa en el Concurso Fotogr\u00e1fico Nacional:<br \/>\nHaz una foto con el p\u00f3ster, un edificio iluminado o cualquier decoraci\u00f3n naranja y publ\u00edcala con el hashtag #TDAHsinatencionsanitariafoto.<br \/>\n\ud83c\udfc6 Hay premio: una cena para dos personas y una noche de hotel.<\/p>\n<p>\ud83d\udc6b Cuantas m\u00e1s personas nos unamos, m\u00e1s fuerte se escuchar\u00e1 nuestra voz.<br \/>\nHoy, 27 de octubre pintemos Espa\u00f1a de NARANJA y hagamos visible el TDAH.<\/p>\n<p>\ud83d\udcf2 Comparte este mensaje, s\u00famate y etiqueta todas tus publicaciones con:<br \/>\n\ud83d\udc49 #TDAHsinatencionsanitaria<br \/>\n\ud83d\udc49 #TDAHsinatencionsanitariafoto<\/p>\n<p>M\u00e1s informaci\u00f3n en \ud83d\udd17 <a href=\"http:\/\/www.feaadah.org\">www.feaadah.org<\/a><\/p>\n<p><img loading=\"lazy\" decoding=\"async\" class=\"alignnone size-medium wp-image-1682\" src=\"https:\/\/www.apadahcas.org\/wp-content\/uploads\/2025\/10\/TDAH-2025_Post-1-240x300.jpg\" alt=\"\" width=\"240\" height=\"300\" srcset=\"https:\/\/www.apadahcas.org\/wp-content\/uploads\/2025\/10\/TDAH-2025_Post-1-240x300.jpg 240w, https:\/\/www.apadahcas.org\/wp-content\/uploads\/2025\/10\/TDAH-2025_Post-1-819x1024.jpg 819w, https:\/\/www.apadahcas.org\/wp-content\/uploads\/2025\/10\/TDAH-2025_Post-1-768x960.jpg 768w, https:\/\/www.apadahcas.org\/wp-content\/uploads\/2025\/10\/TDAH-2025_Post-1-1229x1536.jpg 1229w, https:\/\/www.apadahcas.org\/wp-content\/uploads\/2025\/10\/TDAH-2025_Post-1-scaled.jpg 2048w\" sizes=\"auto, (max-width: 240px) 100vw, 240px\" \/><\/p>\n","protected":false},"excerpt":{"rendered":"<p>27 de Octubre &#8211; D\u00eda Nacional del TDAH Este a\u00f1o volvemos a unirnos bajo un mismo grito: #TDAHsinatencionsanitaria Porque despu\u00e9s de un a\u00f1o seguimos IGUAL: sin respuestas, sin atenci\u00f3n, sin compromiso real. Las familias y personas con TDAH seguimos sintiendo &hellip; <a href=\"https:\/\/www.apadahcas.org\/index.php\/2025\/10\/27\/27-de-octubre-dia-nacional-del-tdah\/\">Sigue leyendo <span class=\"meta-nav\">&rarr;<\/span><\/a><\/p>\n","protected":false},"author":4,"featured_media":0,"comment_status":"closed","ping_status":"open","sticky":false,"template":"","format":"standard","meta":{"_jetpack_memberships_contains_paid_content":false,"footnotes":""},"categories":[65,16,14],"tags":[],"class_list":["post-1696","post","type-post","status-publish","format-standard","hentry","category-apadahcas","category-asociacion","category-sanidad"],"jetpack_featured_media_url":"","jetpack_sharing_enabled":true,"_links":{"self":[{"href":"https:\/\/www.apadahcas.org\/index.php\/wp-json\/wp\/v2\/posts\/1696","targetHints":{"allow":["GET"]}}],"collection":[{"href":"https:\/\/www.apadahcas.org\/index.php\/wp-json\/wp\/v2\/posts"}],"about":[{"href":"https:\/\/www.apadahcas.org\/index.php\/wp-json\/wp\/v2\/types\/post"}],"author":[{"embeddable":true,"href":"https:\/\/www.apadahcas.org\/index.php\/wp-json\/wp\/v2\/users\/4"}],"replies":[{"embeddable":true,"href":"https:\/\/www.apadahcas.org\/index.php\/wp-json\/wp\/v2\/comments?post=1696"}],"version-history":[{"count":1,"href":"https:\/\/www.apadahcas.org\/index.php\/wp-json\/wp\/v2\/posts\/1696\/revisions"}],"predecessor-version":[{"id":1697,"href":"https:\/\/www.apadahcas.org\/index.php\/wp-json\/wp\/v2\/posts\/1696\/revisions\/1697"}],"wp:attachment":[{"href":"https:\/\/www.apadahcas.org\/index.php\/wp-json\/wp\/v2\/media?parent=1696"}],"wp:term":[{"taxonomy":"category","embeddable":true,"href":"https:\/\/www.apadahcas.org\/index.php\/wp-json\/wp\/v2\/categories?post=1696"},{"taxonomy":"post_tag","embeddable":true,"href":"https:\/\/www.apadahcas.org\/index.php\/wp-json\/wp\/v2\/tags?post=1696"}],"curies":[{"name":"wp","href":"https:\/\/api.w.org\/{rel}","templated":true}]}}