{"id":151,"date":"2014-02-07T12:57:40","date_gmt":"2014-02-07T12:57:40","guid":{"rendered":"https:\/\/new.apadahcas.org\/?p=151"},"modified":"2022-05-25T17:52:10","modified_gmt":"2022-05-25T15:52:10","slug":"jornadas-sobre-el-trastorno-de-asperger-y-el-trastorno-por-deficit-de-atencion-con-sin-hiperactividad-en-el-entorno-educativo","status":"publish","type":"post","link":"https:\/\/www.apadahcas.org\/index.php\/2014\/02\/07\/jornadas-sobre-el-trastorno-de-asperger-y-el-trastorno-por-deficit-de-atencion-con-sin-hiperactividad-en-el-entorno-educativo\/","title":{"rendered":"Jornadas sobre el Trastorno de Asperger y el Trastorno por D\u00e9ficit de Atenci\u00f3n con\/sin Hiperactividad en el Entorno Educativo"},"content":{"rendered":"<p align=\"CENTER\">\u201c<i><strong>Tan cerca o tan lejos como nosotros queramos\u201d<\/strong><\/i><i><strong>\u00a0<\/strong><\/i><\/p>\n<p align=\"CENTER\"><strong>Organiza: APADAHCAS, ASPCAS, CEFIRE<\/strong><\/p>\n<p align=\"CENTER\"><strong>Sal\u00f3n de Actos del Centro de Postgrado<\/strong><strong>.<\/strong><\/p>\n<p align=\"CENTER\"><strong>Universitat Jaume I<\/strong><\/p>\n<p align=\"CENTER\"><strong>S\u00e1bado 22 febrero 2014<\/strong><\/p>\n<p align=\"JUSTIFY\"><strong>8:30<\/strong>\u00a0Entrega de documentaci\u00f3n<\/p>\n<p align=\"JUSTIFY\"><strong>9:00-9:30<\/strong>\u00a0Inauguraci\u00f3n de las Jornadas a cargo del Rector Vicent Climent, la Directora del CEFIRE, Remei Herrero, la Presidenta de APADAHCAS, Teresa Saura y el Presidente de ASPCAS, Esteban Garc\u00eda<\/p>\n<p align=\"JUSTIFY\"><strong>9:30-11:00 \u201cNeurobiolog\u00eda del trastorno de Asperger y el trastorno por d\u00e9ficit de atenci\u00f3n con\/sin hiperactividad\u201d.\u00a0<\/strong><i>D. Jes\u00fas Garc\u00eda Tena<\/i>\u00a0(Neuropediatra especialista en trastornos del neurodesarrollo)<\/p>\n<p align=\"JUSTIFY\"><span lang=\"pt-PT\"><strong>11-11:30<\/strong><\/span><span lang=\"pt-PT\">\u00a0Descanso<\/span><\/p>\n<p align=\"JUSTIFY\"><strong>11:30-13:00<\/strong><strong>\u201cPapel de la neuropsicolog\u00eda en el diagn\u00f3stico y la intervenci\u00f3n del trastorno de Asperger y el trastorno por d\u00e9ficit de atenci\u00f3n con\/sin hiperactividad\u201d.<\/strong><i>D\u00aa. Francisca Castellano<\/i>\u00a0(Neuropsic\u00f3loga especialista en trastornos del Neurodesarrollo)<\/p>\n<p align=\"JUSTIFY\"><strong>13:00-14:00<\/strong><strong>\u00abEstrategias educativas para la inclusi\u00f3n de alumnos con Asperger y\/o TDAH\u00bb.\u00a0<\/strong><i>D\u00aa M\u00aa \u00c1ngeles Llorente<\/i>\u00a0(Coordinadora Comarcal de Izquierda Unida. Profesora ESO. IES Hoya de Bu\u00f1ol.)<\/p>\n<p align=\"JUSTIFY\"><strong>14:00-14:00<\/strong>\u00a0Comida<\/p>\n<p align=\"JUSTIFY\"><strong>16:00-17:00 \u201cRecursos educativos en el aula para la inclusi\u00f3n de alumnos con Asperger y\/o TDAH en educaci\u00f3n infantil y primaria\u201d.\u00a0<\/strong><i>D\u00f1a. Sandra Fabra<\/i>. Maestra de Educaci\u00f3n Infantil y Directora del Centro Bon Rep\u00e1s.<\/p>\n<p align=\"JUSTIFY\"><strong>17:00-18:00 \u201cRecursos educativos en el aula para la inclusi\u00f3n de alumnos con Asperger y\/o TDAH en educaci\u00f3n secundaria\u201d.\u00a0<\/strong><i>D\u00f1a.<\/i><i><strong>\u00a0<\/strong><\/i><i>Charo D\u00edez<\/i>. Licenciada en Pedagog\u00eda. Profesora de Pedagog\u00eda Terap\u00e9utica en ESO. IES Penyagolosa.<\/p>\n<p align=\"JUSTIFY\">Adjuntos:<\/p>\n<ul>\n<li><a href=\"https:\/\/apadahcas.org\/wp-content\/uploads\/2022\/02\/programa-CEFIRE-2014.pdf\">Programa de la Jornada CEFIRE 2014 .pdf<\/a><\/li>\n<\/ul>\n","protected":false},"excerpt":{"rendered":"<p>\u201cTan cerca o tan lejos como nosotros queramos\u201d\u00a0 Organiza: APADAHCAS, ASPCAS, CEFIRE Sal\u00f3n de Actos del Centro de Postgrado. Universitat Jaume I S\u00e1bado 22 febrero 2014 8:30\u00a0Entrega de documentaci\u00f3n 9:00-9:30\u00a0Inauguraci\u00f3n de las Jornadas a cargo del Rector Vicent Climent, la &hellip; <a href=\"https:\/\/www.apadahcas.org\/index.php\/2014\/02\/07\/jornadas-sobre-el-trastorno-de-asperger-y-el-trastorno-por-deficit-de-atencion-con-sin-hiperactividad-en-el-entorno-educativo\/\">Sigue leyendo <span class=\"meta-nav\">&rarr;<\/span><\/a><\/p>\n","protected":false},"author":2,"featured_media":0,"comment_status":"closed","ping_status":"open","sticky":false,"template":"","format":"standard","meta":{"_jetpack_memberships_contains_paid_content":false,"footnotes":""},"categories":[8],"tags":[],"class_list":["post-151","post","type-post","status-publish","format-standard","hentry","category-jornadas"],"jetpack_featured_media_url":"","jetpack_sharing_enabled":true,"_links":{"self":[{"href":"https:\/\/www.apadahcas.org\/index.php\/wp-json\/wp\/v2\/posts\/151","targetHints":{"allow":["GET"]}}],"collection":[{"href":"https:\/\/www.apadahcas.org\/index.php\/wp-json\/wp\/v2\/posts"}],"about":[{"href":"https:\/\/www.apadahcas.org\/index.php\/wp-json\/wp\/v2\/types\/post"}],"author":[{"embeddable":true,"href":"https:\/\/www.apadahcas.org\/index.php\/wp-json\/wp\/v2\/users\/2"}],"replies":[{"embeddable":true,"href":"https:\/\/www.apadahcas.org\/index.php\/wp-json\/wp\/v2\/comments?post=151"}],"version-history":[{"count":2,"href":"https:\/\/www.apadahcas.org\/index.php\/wp-json\/wp\/v2\/posts\/151\/revisions"}],"predecessor-version":[{"id":688,"href":"https:\/\/www.apadahcas.org\/index.php\/wp-json\/wp\/v2\/posts\/151\/revisions\/688"}],"wp:attachment":[{"href":"https:\/\/www.apadahcas.org\/index.php\/wp-json\/wp\/v2\/media?parent=151"}],"wp:term":[{"taxonomy":"category","embeddable":true,"href":"https:\/\/www.apadahcas.org\/index.php\/wp-json\/wp\/v2\/categories?post=151"},{"taxonomy":"post_tag","embeddable":true,"href":"https:\/\/www.apadahcas.org\/index.php\/wp-json\/wp\/v2\/tags?post=151"}],"curies":[{"name":"wp","href":"https:\/\/api.w.org\/{rel}","templated":true}]}}