{"id":1497,"date":"2024-11-15T18:22:35","date_gmt":"2024-11-15T17:22:35","guid":{"rendered":"https:\/\/www.apadahcas.org\/?p=1497"},"modified":"2024-11-15T18:23:04","modified_gmt":"2024-11-15T17:23:04","slug":"apadahcas-recibe-una-subvencion-para-fortalecer-la-participacion-ciudadana","status":"publish","type":"post","link":"https:\/\/www.apadahcas.org\/index.php\/2024\/11\/15\/apadahcas-recibe-una-subvencion-para-fortalecer-la-participacion-ciudadana\/","title":{"rendered":"APADAHCAS RECIBE UNA SUBVENCI\u00d3N PARA FORTALECER LA PARTICIPACI\u00d3N CIUDADANA"},"content":{"rendered":"<p>Nos llena de orgullo anunciar que <strong>APADAHCAS<\/strong> ha sido beneficiaria de una subvenci\u00f3n de <strong>8.000 \u20ac<\/strong> concedida por la <strong>Subdirecci\u00f3n General de Participaci\u00f3n Ciudadana<\/strong> de la Comunitat Valenciana.<\/p>\n<p>Esta ayuda econ\u00f3mica se destina a reforzar nuestro programa de actividades, dise\u00f1ado para fortalecer el asociacionismo y la participaci\u00f3n activa de las personas con TDAH, sus familias y la comunidad en general. Con este apoyo, podremos continuar desarrollando talleres formativos, programas de mentor\u00eda y espacios innovadores que fomentan la inclusi\u00f3n y el empoderamiento de nuestra comunidad.<\/p>\n<p>Desde APADAHCAS queremos agradecer a la <strong>Subdirecci\u00f3n General de Participaci\u00f3n Ciudadana<\/strong> por su confianza y respaldo, y a todas las personas que participan y colaboran con nuestra misi\u00f3n. Juntos, seguimos trabajando por una sociedad m\u00e1s inclusiva, innovadora y comprometida.<\/p>\n<p><strong>\u00a1Sigue nuestras redes para estar al d\u00eda de las pr\u00f3ximas actividades!<\/strong><br \/>\n\ud83d\udcf1 <strong>Instagram: @apadahcas<\/strong><\/p>\n<p><img loading=\"lazy\" decoding=\"async\" class=\" wp-image-1498 aligncenter\" src=\"https:\/\/www.apadahcas.org\/wp-content\/uploads\/2024\/11\/SUBVENCION-PARTICIPACION-300x300.png\" alt=\"\" width=\"387\" height=\"387\" srcset=\"https:\/\/www.apadahcas.org\/wp-content\/uploads\/2024\/11\/SUBVENCION-PARTICIPACION-300x300.png 300w, https:\/\/www.apadahcas.org\/wp-content\/uploads\/2024\/11\/SUBVENCION-PARTICIPACION-1024x1024.png 1024w, https:\/\/www.apadahcas.org\/wp-content\/uploads\/2024\/11\/SUBVENCION-PARTICIPACION-150x150.png 150w, https:\/\/www.apadahcas.org\/wp-content\/uploads\/2024\/11\/SUBVENCION-PARTICIPACION-768x768.png 768w, https:\/\/www.apadahcas.org\/wp-content\/uploads\/2024\/11\/SUBVENCION-PARTICIPACION.png 1080w\" sizes=\"auto, (max-width: 387px) 100vw, 387px\" \/><\/p>\n<p><img loading=\"lazy\" decoding=\"async\" class=\"size-medium wp-image-1499 aligncenter\" src=\"https:\/\/www.apadahcas.org\/wp-content\/uploads\/2024\/11\/logo-gva-169x300.png\" alt=\"\" width=\"169\" height=\"300\" srcset=\"https:\/\/www.apadahcas.org\/wp-content\/uploads\/2024\/11\/logo-gva-169x300.png 169w, https:\/\/www.apadahcas.org\/wp-content\/uploads\/2024\/11\/logo-gva-577x1024.png 577w, https:\/\/www.apadahcas.org\/wp-content\/uploads\/2024\/11\/logo-gva-768x1363.png 768w, https:\/\/www.apadahcas.org\/wp-content\/uploads\/2024\/11\/logo-gva-865x1536.png 865w, https:\/\/www.apadahcas.org\/wp-content\/uploads\/2024\/11\/logo-gva-1154x2048.png 1154w, https:\/\/www.apadahcas.org\/wp-content\/uploads\/2024\/11\/logo-gva.png 1280w\" sizes=\"auto, (max-width: 169px) 100vw, 169px\" \/><\/p>\n","protected":false},"excerpt":{"rendered":"<p>Nos llena de orgullo anunciar que APADAHCAS ha sido beneficiaria de una subvenci\u00f3n de 8.000 \u20ac concedida por la Subdirecci\u00f3n General de Participaci\u00f3n Ciudadana de la Comunitat Valenciana. Esta ayuda econ\u00f3mica se destina a reforzar nuestro programa de actividades, dise\u00f1ado &hellip; <a href=\"https:\/\/www.apadahcas.org\/index.php\/2024\/11\/15\/apadahcas-recibe-una-subvencion-para-fortalecer-la-participacion-ciudadana\/\">Sigue leyendo <span class=\"meta-nav\">&rarr;<\/span><\/a><\/p>\n","protected":false},"author":4,"featured_media":1499,"comment_status":"closed","ping_status":"open","sticky":false,"template":"","format":"standard","meta":{"_jetpack_memberships_contains_paid_content":false,"footnotes":""},"categories":[65,56,12],"tags":[],"class_list":["post-1497","post","type-post","status-publish","format-standard","has-post-thumbnail","hentry","category-apadahcas","category-colaboradores","category-noticias"],"jetpack_featured_media_url":"https:\/\/www.apadahcas.org\/wp-content\/uploads\/2024\/11\/logo-gva.png","jetpack_sharing_enabled":true,"_links":{"self":[{"href":"https:\/\/www.apadahcas.org\/index.php\/wp-json\/wp\/v2\/posts\/1497","targetHints":{"allow":["GET"]}}],"collection":[{"href":"https:\/\/www.apadahcas.org\/index.php\/wp-json\/wp\/v2\/posts"}],"about":[{"href":"https:\/\/www.apadahcas.org\/index.php\/wp-json\/wp\/v2\/types\/post"}],"author":[{"embeddable":true,"href":"https:\/\/www.apadahcas.org\/index.php\/wp-json\/wp\/v2\/users\/4"}],"replies":[{"embeddable":true,"href":"https:\/\/www.apadahcas.org\/index.php\/wp-json\/wp\/v2\/comments?post=1497"}],"version-history":[{"count":1,"href":"https:\/\/www.apadahcas.org\/index.php\/wp-json\/wp\/v2\/posts\/1497\/revisions"}],"predecessor-version":[{"id":1500,"href":"https:\/\/www.apadahcas.org\/index.php\/wp-json\/wp\/v2\/posts\/1497\/revisions\/1500"}],"wp:featuredmedia":[{"embeddable":true,"href":"https:\/\/www.apadahcas.org\/index.php\/wp-json\/wp\/v2\/media\/1499"}],"wp:attachment":[{"href":"https:\/\/www.apadahcas.org\/index.php\/wp-json\/wp\/v2\/media?parent=1497"}],"wp:term":[{"taxonomy":"category","embeddable":true,"href":"https:\/\/www.apadahcas.org\/index.php\/wp-json\/wp\/v2\/categories?post=1497"},{"taxonomy":"post_tag","embeddable":true,"href":"https:\/\/www.apadahcas.org\/index.php\/wp-json\/wp\/v2\/tags?post=1497"}],"curies":[{"name":"wp","href":"https:\/\/api.w.org\/{rel}","templated":true}]}}