{"id":1463,"date":"2024-10-25T19:21:47","date_gmt":"2024-10-25T17:21:47","guid":{"rendered":"https:\/\/www.apadahcas.org\/?p=1463"},"modified":"2025-02-27T19:37:27","modified_gmt":"2025-02-27T18:37:27","slug":"taller-en-que-lios-se-puede-meter-un-tdah","status":"publish","type":"post","link":"https:\/\/www.apadahcas.org\/index.php\/2024\/10\/25\/taller-en-que-lios-se-puede-meter-un-tdah\/","title":{"rendered":"TALLER EN QU\u00c9 L\u00cdOS SE PUEDE METER UN TDAH"},"content":{"rendered":"<p>\u00a1Buenas tardes de nuevo familias!<\/p>\n<p>Con la llegada del oto\u00f1o hemos preparado un taller que seguro os suena. Os presentamos el Grupo de para nuestros adolescentes y padres\/madres.<\/p>\n<p>La tercera edici\u00f3n del taller que lanzamos. \u00a1\u00a1Estamos muy orgullosos\/as de nuestras familias!!<\/p>\n<p>Los dos grupos se hacen de forma paralela. Es decir, puedes inscribir a tu hijo\/a pero tambi\u00e9n puedes participar t\u00fa.<\/p>\n<p>Si quieres participar sin tus hijos\/as, tambi\u00e9n puedes, una ayuda a las familias SIEMPRE NOS VIENE BIEN.<\/p>\n<p>Nosotros ponemos las sillas, \u00bfsobre qu\u00e9 temas quieres hablar? Los temas ser\u00e1n los que tengan inter\u00e9s para los asistentes<\/p>\n<p>-\u00bfCu\u00e1ndo ser\u00e1n las sesiones?<\/p>\n<p>Grupo 1: 16\/11, 30\/11, \u00a021\/12, 11\/01, 25\/01, 08\/02<\/p>\n<p>Grupo 2: 22\/02, 01\/03, 15\/03, 12\/04, 26\/04 y 10\/05<\/p>\n<p>Puedes apuntarte a ambos grupos, el precio del taller es por grupo. Si ya sabes que quieres asistir a los dos grupos, te puedes inscribir ahora. Si prefieres esperar al grupo 2, lo podr\u00e1s hacer m\u00e1s adelante si quedan plazas disponibles.<\/p>\n<p>&#8211; Horario de las sesiones:10-12h.<\/p>\n<p>-\u00bfD\u00f3nde? En el edificio de COCEMFE CASTELL\u00d3<\/p>\n<p>&#8211; Profesionales: Amanda Meli\u00e1 y Armando Ma\u00f1ogil.<\/p>\n<p>&#8211; Cuota de inscripci\u00f3n al taller para cada adolescente (a partir de 12 a\u00f1os) : 60 \u20ac\/adolescente, por 6 sesiones. Si te apuntas a los dos grupos (noviembre a mayo) ser\u00e1 120\u20ac\/adolescente.<\/p>\n<p>&#8211; Cuota de inscripci\u00f3n de padres (familia de 1 o 2 progenitores): 30\u20ac\/persona; 40\u20ac\/pareja, por 6 sesiones. \u00a1Recuerda que no hace falta que tu hij@ est\u00e9 en el taller de adolescentes para apuntarte t\u00fa! Si te apuntas a los dos grupos (noviembre a mayo) ser\u00e1 el doble.<\/p>\n<p><span style=\"color: #ff0000;\">Fecha l\u00edmite inscripci\u00f3n<\/span>:\u00a0<span style=\"color: #ffffff;\">5 Noviembre<\/span>. Si quedan plazas libres para el Grupo 2 (febrero a mayo), las ofreceremos m\u00e1s adelante<\/p>\n<p>Si est\u00e1is interesados\/as en el taller, no dud\u00e9is en escribirnos para reservar plaza respondiendo a este mail e indicando:<\/p>\n<p>-Nombre de las personas participantes<\/p>\n<p>-Localidad de residencia<\/p>\n<p>-N\u00famero de socio<\/p>\n<p>-Tel\u00e9fono y correo electr\u00f3nico<\/p>\n<p>-Edad de la persona participante del taller<\/p>\n<p>-Curso del adolescente<\/p>\n<div><\/div>\n<div>\u00a1TE ESPERAMOS!<\/div>\n<div><\/div>\n<div>\n<p><i>-Por favor,\u00a0<b><span style=\"color: #ff0000;\">NO<\/span><\/b>\u00a0hay que realizar ning\u00fan pago hasta que se os mande un correo de confirmaci\u00f3n de inscripci\u00f3n.<\/i><\/p>\n<p>-La inscripci\u00f3n en los talleres se realizar\u00e1 en riguroso orden de solicitud.<\/p>\n<p>-Las personas que den de baja su inscripci\u00f3n sin causa justificada a partir del 6 de noviembre, asumir\u00e1n el 60% del coste del taller por cancelaci\u00f3n.<\/p>\n<\/div>\n<div>Parte de este taller ha sido financiado gracias a Fundaci\u00f3n Obra Social \u00abLa caixa\u00bb<\/div>\n<div><\/div>\n<div><img loading=\"lazy\" decoding=\"async\" class=\"wp-image-1375 aligncenter\" style=\"margin-top: 0.4em;\" src=\"https:\/\/www.apadahcas.org\/wp-content\/uploads\/2024\/04\/LOGO-2024-ACCION-SOCIAL-1-300x145.jpg\" alt=\"\" width=\"223\" height=\"115\" \/><\/div>\n<div><\/div>\n<div><\/div>\n<div><\/div>\n<div><\/div>\n<div><img loading=\"lazy\" decoding=\"async\" class=\"size-medium wp-image-1465 aligncenter\" src=\"https:\/\/www.apadahcas.org\/wp-content\/uploads\/2024\/10\/EN-QUE-LIOS.-def-300x300.png\" alt=\"\" width=\"300\" height=\"300\" srcset=\"https:\/\/www.apadahcas.org\/wp-content\/uploads\/2024\/10\/EN-QUE-LIOS.-def-300x300.png 300w, https:\/\/www.apadahcas.org\/wp-content\/uploads\/2024\/10\/EN-QUE-LIOS.-def-1024x1024.png 1024w, https:\/\/www.apadahcas.org\/wp-content\/uploads\/2024\/10\/EN-QUE-LIOS.-def-150x150.png 150w, https:\/\/www.apadahcas.org\/wp-content\/uploads\/2024\/10\/EN-QUE-LIOS.-def-768x768.png 768w, https:\/\/www.apadahcas.org\/wp-content\/uploads\/2024\/10\/EN-QUE-LIOS.-def.png 1080w\" sizes=\"auto, (max-width: 300px) 100vw, 300px\" \/><\/div>\n","protected":false},"excerpt":{"rendered":"<p>\u00a1Buenas tardes de nuevo familias! Con la llegada del oto\u00f1o hemos preparado un taller que seguro os suena. Os presentamos el Grupo de para nuestros adolescentes y padres\/madres. La tercera edici\u00f3n del taller que lanzamos. \u00a1\u00a1Estamos muy orgullosos\/as de nuestras &hellip; <a href=\"https:\/\/www.apadahcas.org\/index.php\/2024\/10\/25\/taller-en-que-lios-se-puede-meter-un-tdah\/\">Sigue leyendo <span class=\"meta-nav\">&rarr;<\/span><\/a><\/p>\n","protected":false},"author":4,"featured_media":1466,"comment_status":"closed","ping_status":"open","sticky":false,"template":"","format":"standard","meta":{"_jetpack_memberships_contains_paid_content":false,"footnotes":""},"categories":[4,5,12,10,9],"tags":[],"class_list":["post-1463","post","type-post","status-publish","format-standard","has-post-thumbnail","hentry","category-actividades","category-eventos","category-noticias","category-otras-actividades","category-talleres"],"jetpack_featured_media_url":"https:\/\/www.apadahcas.org\/wp-content\/uploads\/2024\/10\/pant.png","jetpack_sharing_enabled":true,"_links":{"self":[{"href":"https:\/\/www.apadahcas.org\/index.php\/wp-json\/wp\/v2\/posts\/1463","targetHints":{"allow":["GET"]}}],"collection":[{"href":"https:\/\/www.apadahcas.org\/index.php\/wp-json\/wp\/v2\/posts"}],"about":[{"href":"https:\/\/www.apadahcas.org\/index.php\/wp-json\/wp\/v2\/types\/post"}],"author":[{"embeddable":true,"href":"https:\/\/www.apadahcas.org\/index.php\/wp-json\/wp\/v2\/users\/4"}],"replies":[{"embeddable":true,"href":"https:\/\/www.apadahcas.org\/index.php\/wp-json\/wp\/v2\/comments?post=1463"}],"version-history":[{"count":7,"href":"https:\/\/www.apadahcas.org\/index.php\/wp-json\/wp\/v2\/posts\/1463\/revisions"}],"predecessor-version":[{"id":1547,"href":"https:\/\/www.apadahcas.org\/index.php\/wp-json\/wp\/v2\/posts\/1463\/revisions\/1547"}],"wp:featuredmedia":[{"embeddable":true,"href":"https:\/\/www.apadahcas.org\/index.php\/wp-json\/wp\/v2\/media\/1466"}],"wp:attachment":[{"href":"https:\/\/www.apadahcas.org\/index.php\/wp-json\/wp\/v2\/media?parent=1463"}],"wp:term":[{"taxonomy":"category","embeddable":true,"href":"https:\/\/www.apadahcas.org\/index.php\/wp-json\/wp\/v2\/categories?post=1463"},{"taxonomy":"post_tag","embeddable":true,"href":"https:\/\/www.apadahcas.org\/index.php\/wp-json\/wp\/v2\/tags?post=1463"}],"curies":[{"name":"wp","href":"https:\/\/api.w.org\/{rel}","templated":true}]}}