{"id":1439,"date":"2024-09-30T19:37:16","date_gmt":"2024-09-30T17:37:16","guid":{"rendered":"https:\/\/www.apadahcas.org\/?p=1439"},"modified":"2024-10-24T19:07:56","modified_gmt":"2024-10-24T17:07:56","slug":"xiii-jornadas-apadahcas","status":"publish","type":"post","link":"https:\/\/www.apadahcas.org\/index.php\/2024\/09\/30\/xiii-jornadas-apadahcas\/","title":{"rendered":"XIII JORNADAS APADAHCAS"},"content":{"rendered":"<p>Estimado\/a socio\/a,<\/p>\n<p>Nos complace invitarte a participar en las XIII Jornadas sobre el Trastorno por D\u00e9ficit de Atenci\u00f3n con o sin Hiperactividad (TDAH), que se celebrar\u00e1n los d\u00edas 19 y 26 de octubre de 2024 en la Universitat Jaume I de Castell\u00f3n.<\/p>\n<p>Este evento reunir\u00e1 a expertos en distintas disciplinas para tratar temas esenciales como el diagn\u00f3stico y tratamiento del TDAH en ni\u00f1os, adolescentes y adultos, as\u00ed como los derechos legales de las personas con este trastorno. Adem\u00e1s, contaremos con valiosos testimonios en primera persona.<\/p>\n<p>Informaci\u00f3n del evento:<br \/>\n&#8211; Fechas: 19 y 26 de octubre<br \/>\n&#8211; Horario: 08:30 a 14:00<br \/>\n&#8211; Lugar: Aula Magna HA1012CC, Universitat Jaume I, Castell\u00f3n<br \/>\n&#8211; Cuota de inscripci\u00f3n: 5\u20ac por persona para socios\/as (7\u20ac con acompa\u00f1ante)<\/p>\n<div>\n<p>\u00a0 \u00a0 \u00a0 \u00a0 \u00a0 \u00a0 \u00a0 \u00a0 \u00a0 \u00a0 \u00a0 \u00a0 \u00a0 \u00a0 \u00a0 \u00a0 \u00a0 \u00a0 \u00a010\u20ac persona NO socia (15\u20ac con acompa\u00f1ante).<\/p>\n<p>La inscripci\u00f3n se realiza a trav\u00e9s del siguiente enlace:\u00a0<a href=\"https:\/\/forms.gle\/ecQkqVpS9xvSiN1dA\" target=\"_blank\" rel=\"noopener\">\u00a0https:\/\/forms.gle\/<wbr \/>ecQkqVpS9xvSiN1dA<\/a><\/p>\n<p>Es importante que realices tu inscripci\u00f3n cuanto antes para asegurar tu plaza. Te esperamos en estas jornadas que, sin duda, ser\u00e1n una gran oportunidad para aprender, compartir experiencias y seguir avanzando en el conocimiento y comprensi\u00f3n del TDAH.<\/p>\n<p>Si tienes cualquier duda, no dudes en ponerte en contacto con nosotros\/as.<\/p>\n<p>\u00a1Esperamos verte all\u00ed!<\/p>\n<p><a href=\"https:\/\/www.apadahcas.org\/wp-content\/uploads\/2024\/09\/DEFINITIVO-CON-QR.pdf\">DEFINITIVO CON QR<\/a><\/p>\n<\/div>\n<div><\/div>\n<div><img loading=\"lazy\" decoding=\"async\" class=\"wp-image-1443 aligncenter\" src=\"https:\/\/www.apadahcas.org\/wp-content\/uploads\/2024\/09\/CARTEL-DEFINITIVO-212x300.png\" alt=\"\" width=\"245\" height=\"342\" \/><br \/>\n\u200b<br \/>\nAtentamente, \u00a0<span style=\"color: #888888;\"><br \/>\nAPADAHCAS<\/span><\/div>\n","protected":false},"excerpt":{"rendered":"<p>Estimado\/a socio\/a, Nos complace invitarte a participar en las XIII Jornadas sobre el Trastorno por D\u00e9ficit de Atenci\u00f3n con o sin Hiperactividad (TDAH), que se celebrar\u00e1n los d\u00edas 19 y 26 de octubre de 2024 en la Universitat Jaume I &hellip; <a href=\"https:\/\/www.apadahcas.org\/index.php\/2024\/09\/30\/xiii-jornadas-apadahcas\/\">Sigue leyendo <span class=\"meta-nav\">&rarr;<\/span><\/a><\/p>\n","protected":false},"author":4,"featured_media":1441,"comment_status":"closed","ping_status":"open","sticky":false,"template":"","format":"standard","meta":{"_jetpack_memberships_contains_paid_content":false,"footnotes":""},"categories":[4,16,5,11,8,12,10],"tags":[],"class_list":["post-1439","post","type-post","status-publish","format-standard","has-post-thumbnail","hentry","category-actividades","category-asociacion","category-eventos","category-formacion","category-jornadas","category-noticias","category-otras-actividades"],"jetpack_featured_media_url":"https:\/\/www.apadahcas.org\/wp-content\/uploads\/2024\/09\/IMAGEN-JORNADAS-PUBLICIDAD-2-2.png","jetpack_sharing_enabled":true,"_links":{"self":[{"href":"https:\/\/www.apadahcas.org\/index.php\/wp-json\/wp\/v2\/posts\/1439","targetHints":{"allow":["GET"]}}],"collection":[{"href":"https:\/\/www.apadahcas.org\/index.php\/wp-json\/wp\/v2\/posts"}],"about":[{"href":"https:\/\/www.apadahcas.org\/index.php\/wp-json\/wp\/v2\/types\/post"}],"author":[{"embeddable":true,"href":"https:\/\/www.apadahcas.org\/index.php\/wp-json\/wp\/v2\/users\/4"}],"replies":[{"embeddable":true,"href":"https:\/\/www.apadahcas.org\/index.php\/wp-json\/wp\/v2\/comments?post=1439"}],"version-history":[{"count":4,"href":"https:\/\/www.apadahcas.org\/index.php\/wp-json\/wp\/v2\/posts\/1439\/revisions"}],"predecessor-version":[{"id":1462,"href":"https:\/\/www.apadahcas.org\/index.php\/wp-json\/wp\/v2\/posts\/1439\/revisions\/1462"}],"wp:featuredmedia":[{"embeddable":true,"href":"https:\/\/www.apadahcas.org\/index.php\/wp-json\/wp\/v2\/media\/1441"}],"wp:attachment":[{"href":"https:\/\/www.apadahcas.org\/index.php\/wp-json\/wp\/v2\/media?parent=1439"}],"wp:term":[{"taxonomy":"category","embeddable":true,"href":"https:\/\/www.apadahcas.org\/index.php\/wp-json\/wp\/v2\/categories?post=1439"},{"taxonomy":"post_tag","embeddable":true,"href":"https:\/\/www.apadahcas.org\/index.php\/wp-json\/wp\/v2\/tags?post=1439"}],"curies":[{"name":"wp","href":"https:\/\/api.w.org\/{rel}","templated":true}]}}