{"id":142,"date":"2015-10-07T12:16:18","date_gmt":"2015-10-07T12:16:18","guid":{"rendered":"https:\/\/new.apadahcas.org\/?p=142"},"modified":"2022-05-25T18:15:17","modified_gmt":"2022-05-25T16:15:17","slug":"iv-jornadas-formativas-sobre-el-trastorno-por-deficit-de-atencion-con-o-sin-hiperactividad-tda-h","status":"publish","type":"post","link":"https:\/\/www.apadahcas.org\/index.php\/2015\/10\/07\/iv-jornadas-formativas-sobre-el-trastorno-por-deficit-de-atencion-con-o-sin-hiperactividad-tda-h\/","title":{"rendered":"IV Jornadas formativas sobre el Trastorno por D\u00e9ficit de Atenci\u00f3n con o sin Hiperactividad (TDA-H)"},"content":{"rendered":"<p>Viernes d\u00eda 16 de octubre de 2015 \u2013 S\u00e1bado 17 de octubre 2015<br \/>\nUniversitat Jaume I<br \/>\nCastell\u00f3n de la Plana<\/p>\n<h3><strong>ORGANIZADAS DENTRO DE:<\/strong><\/h3>\n<p>&nbsp;<\/p>\n<p>&nbsp;<\/p>\n<h3>Viernes 16<\/h3>\n<p><em><strong>Lugar de realizaci\u00f3n:\u00a0<a href=\"http:\/\/goo.gl\/maps\/weRvT\" target=\"_blank\" rel=\"noopener\">Aula de l\u00b4Escola (Escuela Superior de Tecnolog\u00eda y Ciencias Experimentales)<\/a><br \/>\n<\/strong><\/em><\/p>\n<p>&nbsp;<\/p>\n<ul>\n<li><strong>9:00-9:15<\/strong>\u00a0Entrega de documentaci\u00f3n<\/li>\n<li><strong>9:15-9:30\u00a0<\/strong>Inauguraci\u00f3n de las jornadas a cargo del Rector de la Universitat Jaume I de Castell\u00f3 D.\u00a0Vicent Climent, a la que tambi\u00e9n asistir\u00e1 el Conseller d \u0301Educaci\u00f3 D. Vicent Marz\u00e0.<\/li>\n<li><strong>9:30-11:00\u00a0<\/strong>\u00abHacia una escuela sin fracaso escolar\u00bbPonente: Da Vanesa Richarte (Psiquiatra del Hospital Universitari Vall d \u0301Hebr\u00f3n)<br \/>\nAl finalizar la ponencia habr\u00e1 turno de ruegos y preguntas.<\/li>\n<li><strong>11:30-12:00<\/strong>\u00a0Pausa-caf\u00e9 gentileza de APADAHCAS<\/li>\n<li><strong>12:00-14:00\u00a0<\/strong>\u201cEl reto del uso responsable de las nuevas tecnolog\u00edas\u00bbPonentes: D\u00aa M\u00aa Eugenia S\u00e1nchez Robres (Trabajadora Social especialista en conductas adictivas) y D\u00aa Samira Elzein Latorre (Psic\u00f3loga). Ambas Terapeutas Gestalt y Fundadoras de \u201cvivirte\u201d (Terapia y Crecimiento Personal)<\/li>\n<li><strong>14:00-16:00<\/strong>\u00a0Descanso para comer.<\/li>\n<li><strong>16:00-18:00<\/strong>\u00a0\u00abRepercusiones del TDA-H en el aprendizaje\u00bbPonente: Isabel Mir Pardo (Directora del gabinete psicopedag\u00f3gico y logop\u00e9dico EIDINA)<\/li>\n<li><strong>18:00-19:00<\/strong>\u00a0Testimonios<\/li>\n<\/ul>\n<p>&nbsp;<\/p>\n<h3>S\u00e1bado 17<\/h3>\n<p><em><strong>Lugar de realizaci\u00f3n:\u00a0<a href=\"http:\/\/goo.gl\/maps\/weRvT\" target=\"_blank\" rel=\"noopener\">Aula de l\u00b4Escola (Escuela Superior de Tecnolog\u00eda y Ciencias Experimentales)<\/a><br \/>\n<\/strong><\/em><\/p>\n<p>&nbsp;<\/p>\n<ul>\n<li><strong>10:00-12:00<\/strong>\u00a0Escuela de padres: \u00abEtapas Evolutivas del TDAH\u00bbPonente: Susana Monta\u00f1\u00e9s Mart\u00ed (Psic\u00f3loga especialista en TDAH, colaboradora de APADAHCAS y Profesora de Psicolog\u00eda en la UJI)<\/li>\n<\/ul>\n<p>La asociaci\u00f3n se reserva el derecho a realizar cambios en el programa en caso necesario<\/p>\n<p>Las jornadas podr\u00e1n ser grabadas y fotografiadas.<\/p>\n<p>&nbsp;<\/p>\n<p class=\"highlight\"><a href=\"https:\/\/docs.google.com\/forms\/d\/1KIAfLezK0NxIhwsEMJDh-Die5WYTsBOM-V66WqXgsWo\/viewform\"><strong>SI TE INTERESA ASISTIR, POR FAVOR RELLENA EL SIGUIENTE FORMULARIO<\/strong><\/a><\/p>\n<p>&nbsp;<\/p>\n<p><em><strong>NO TE QUEDES QUIETO<\/strong><\/em><\/p>\n","protected":false},"excerpt":{"rendered":"<p>Viernes d\u00eda 16 de octubre de 2015 \u2013 S\u00e1bado 17 de octubre 2015 Universitat Jaume I Castell\u00f3n de la Plana ORGANIZADAS DENTRO DE: &nbsp; &nbsp; Viernes 16 Lugar de realizaci\u00f3n:\u00a0Aula de l\u00b4Escola (Escuela Superior de Tecnolog\u00eda y Ciencias Experimentales) &nbsp; &hellip; <a href=\"https:\/\/www.apadahcas.org\/index.php\/2015\/10\/07\/iv-jornadas-formativas-sobre-el-trastorno-por-deficit-de-atencion-con-o-sin-hiperactividad-tda-h\/\">Sigue leyendo <span class=\"meta-nav\">&rarr;<\/span><\/a><\/p>\n","protected":false},"author":2,"featured_media":0,"comment_status":"closed","ping_status":"open","sticky":false,"template":"","format":"standard","meta":{"_jetpack_memberships_contains_paid_content":false,"footnotes":""},"categories":[8],"tags":[],"class_list":["post-142","post","type-post","status-publish","format-standard","hentry","category-jornadas"],"jetpack_featured_media_url":"","jetpack_sharing_enabled":true,"_links":{"self":[{"href":"https:\/\/www.apadahcas.org\/index.php\/wp-json\/wp\/v2\/posts\/142","targetHints":{"allow":["GET"]}}],"collection":[{"href":"https:\/\/www.apadahcas.org\/index.php\/wp-json\/wp\/v2\/posts"}],"about":[{"href":"https:\/\/www.apadahcas.org\/index.php\/wp-json\/wp\/v2\/types\/post"}],"author":[{"embeddable":true,"href":"https:\/\/www.apadahcas.org\/index.php\/wp-json\/wp\/v2\/users\/2"}],"replies":[{"embeddable":true,"href":"https:\/\/www.apadahcas.org\/index.php\/wp-json\/wp\/v2\/comments?post=142"}],"version-history":[{"count":1,"href":"https:\/\/www.apadahcas.org\/index.php\/wp-json\/wp\/v2\/posts\/142\/revisions"}],"predecessor-version":[{"id":143,"href":"https:\/\/www.apadahcas.org\/index.php\/wp-json\/wp\/v2\/posts\/142\/revisions\/143"}],"wp:attachment":[{"href":"https:\/\/www.apadahcas.org\/index.php\/wp-json\/wp\/v2\/media?parent=142"}],"wp:term":[{"taxonomy":"category","embeddable":true,"href":"https:\/\/www.apadahcas.org\/index.php\/wp-json\/wp\/v2\/categories?post=142"},{"taxonomy":"post_tag","embeddable":true,"href":"https:\/\/www.apadahcas.org\/index.php\/wp-json\/wp\/v2\/tags?post=142"}],"curies":[{"name":"wp","href":"https:\/\/api.w.org\/{rel}","templated":true}]}}