{"id":140,"date":"2015-09-07T12:13:21","date_gmt":"2015-09-07T12:13:21","guid":{"rendered":"https:\/\/new.apadahcas.org\/?p=140"},"modified":"2022-05-25T18:45:08","modified_gmt":"2022-05-25T16:45:08","slug":"escuela-para-padres-previstas-curso-2015-2016-3","status":"publish","type":"post","link":"https:\/\/www.apadahcas.org\/index.php\/2015\/09\/07\/escuela-para-padres-previstas-curso-2015-2016-3\/","title":{"rendered":"ESCUELA PARA PADRES PREVISTAS CURSO 2015 &#8211; 2016"},"content":{"rendered":"<h1>Se celebrar\u00e1n en el\u00a0<a href=\"https:\/\/apadahcas.org\/index.php\/talleres\/\">Aula HA1004AA<\/a>\u00a0de la Facultad de Ciencias Humanas y Sociales de la Universitat Jaume I de Castell\u00f3n en horario de 10:00 a 12:00 horas.<\/h1>\n<p>No es necesario inscribirse antes, tan solo presentarse el d\u00eda de la sesi\u00f3n.<\/p>\n<p>Actividad gratuita para socios de APADAHCAS.<\/p>\n<ul>\n<li>\n<h5><strong>19 Septiembre 2015:<\/strong>\u00a0TDAH, algo m\u00e1s que unas siglas<\/h5>\n<\/li>\n<li>\n<h5><strong>17 Octubre 2015:<\/strong>\u00a0Etapas evolutivas del TDAH<\/h5>\n<\/li>\n<li>\n<h5><strong>14 Noviembre 2015:<\/strong>\u00a0Medicaci\u00f3n para el TDAH<\/h5>\n<\/li>\n<li>\n<h5><strong>12 Diciembre 2015:<\/strong>\u00a0La Teor\u00eda de las inteligencias m\u00faltiples<\/h5>\n<\/li>\n<li>\n<h5><strong>30 Enero 2016:<\/strong>\u00a0Manejo de la ira: Buscando el bot\u00f3n de la pausa<\/h5>\n<\/li>\n<li>\n<h5><strong>20 Febrero 2016:<\/strong>\u00a0Siento, luego existo<\/h5>\n<\/li>\n<li>\n<h5><strong>12 Marzo 2016:<\/strong>\u00a0Nadie me ense\u00f1\u00f3 a educar<\/h5>\n<\/li>\n<li>\n<h5><strong>16 Abril 2016:<\/strong>\u00a0Resoluci\u00f3n de conflictos: Aprendiendo a negociar<\/h5>\n<\/li>\n<li>\n<h5><strong>14 Mayo 2016:<\/strong>\u00a0Adicciones: Prevenir es ayudar a decidir<\/h5>\n<\/li>\n<li>\n<h5><strong>11 Junio 2016:<\/strong>\u00a0Planificar las vacaciones valorando lo aprendido<\/h5>\n<\/li>\n<\/ul>\n<p>Adjuntos:<\/p>\n<ul>\n<li>ESCUELA PARA PADRES PREVISTAS CURSO 2015 &#8211; 2016 .pdf<\/li>\n<\/ul>\n","protected":false},"excerpt":{"rendered":"<p>Se celebrar\u00e1n en el\u00a0Aula HA1004AA\u00a0de la Facultad de Ciencias Humanas y Sociales de la Universitat Jaume I de Castell\u00f3n en horario de 10:00 a 12:00 horas. No es necesario inscribirse antes, tan solo presentarse el d\u00eda de la sesi\u00f3n. Actividad &hellip; <a href=\"https:\/\/www.apadahcas.org\/index.php\/2015\/09\/07\/escuela-para-padres-previstas-curso-2015-2016-3\/\">Sigue leyendo <span class=\"meta-nav\">&rarr;<\/span><\/a><\/p>\n","protected":false},"author":2,"featured_media":0,"comment_status":"closed","ping_status":"open","sticky":false,"template":"","format":"standard","meta":{"_jetpack_memberships_contains_paid_content":false,"footnotes":""},"categories":[6],"tags":[],"class_list":["post-140","post","type-post","status-publish","format-standard","hentry","category-escuela-familia"],"jetpack_featured_media_url":"","jetpack_sharing_enabled":true,"_links":{"self":[{"href":"https:\/\/www.apadahcas.org\/index.php\/wp-json\/wp\/v2\/posts\/140","targetHints":{"allow":["GET"]}}],"collection":[{"href":"https:\/\/www.apadahcas.org\/index.php\/wp-json\/wp\/v2\/posts"}],"about":[{"href":"https:\/\/www.apadahcas.org\/index.php\/wp-json\/wp\/v2\/types\/post"}],"author":[{"embeddable":true,"href":"https:\/\/www.apadahcas.org\/index.php\/wp-json\/wp\/v2\/users\/2"}],"replies":[{"embeddable":true,"href":"https:\/\/www.apadahcas.org\/index.php\/wp-json\/wp\/v2\/comments?post=140"}],"version-history":[{"count":2,"href":"https:\/\/www.apadahcas.org\/index.php\/wp-json\/wp\/v2\/posts\/140\/revisions"}],"predecessor-version":[{"id":707,"href":"https:\/\/www.apadahcas.org\/index.php\/wp-json\/wp\/v2\/posts\/140\/revisions\/707"}],"wp:attachment":[{"href":"https:\/\/www.apadahcas.org\/index.php\/wp-json\/wp\/v2\/media?parent=140"}],"wp:term":[{"taxonomy":"category","embeddable":true,"href":"https:\/\/www.apadahcas.org\/index.php\/wp-json\/wp\/v2\/categories?post=140"},{"taxonomy":"post_tag","embeddable":true,"href":"https:\/\/www.apadahcas.org\/index.php\/wp-json\/wp\/v2\/tags?post=140"}],"curies":[{"name":"wp","href":"https:\/\/api.w.org\/{rel}","templated":true}]}}